{"id":120511,"date":"2021-07-06T11:32:37","date_gmt":"2021-07-06T15:32:37","guid":{"rendered":"https:\/\/linitiative.ca\/International\/le-cri-lance-sa-caravane-regionale-de-lentrepreneuriat\/"},"modified":"2021-07-06T11:32:37","modified_gmt":"2021-07-06T15:32:37","slug":"le-cri-lance-sa-caravane-regionale-de-lentrepreneuriat","status":"publish","type":"post","link":"https:\/\/linitiative.ca\/International\/le-cri-lance-sa-caravane-regionale-de-lentrepreneuriat\/","title":{"rendered":"Le CRI lance sa caravane r\u00e9gionale de l\u2019entrepreneuriat"},"content":{"rendered":"<div>\n<div style=\"margin-bottom:20px;\"><img loading=\"lazy\" decoding=\"async\" width=\"750\" height=\"430\" src=\"https:\/\/linitiative.ca\/International\/wp-content\/uploads\/sites\/23\/2021\/07\/CRIMarrakechversioncorrecte-copier-1.jpg\" class=\"attachment-post-thumbnail size-post-thumbnail wp-post-image\" alt=\"\" srcset=\"https:\/\/linitiative.ca\/International\/wp-content\/uploads\/sites\/23\/2021\/07\/CRIMarrakechversioncorrecte-copier-1.jpg 750w, http:\/\/www.mapmarrakech.ma\/map\/uploads\/2021\/03\/CRIMarrakechversioncorrecte-copier-1-300x172.jpg 300w\" sizes=\"auto, (max-width: 750px) 100vw, 750px\"><\/div>\n<p>Initi\u00e9e en partenariat avec l\u2019Agence Nationale de Promotion de l\u2019Emploi et des Comp\u00e9tences (ANAPEC), l\u2019Initiative Nationale pour le D\u00e9veloppement Humain (INDH), la wilaya de la r\u00e9gion Marrakech-Safi et la Caisse Centrale de Garantie (CCG), cette initiative socio\u00e9conomique qui se poursuivra jusqu\u2019au 1er ao\u00fbt prochain, sillonnera 24 jours durant, quelque 24 communes relevant de la pr\u00e9fecture de Marrakech et des 07 provinces de la r\u00e9gion Marrakech- Safi \u00e0 savoir : Youssoufia, Safi, Essaouira, Chichaoua, Al Haouz, El Kela\u00e2 des Sraghna et Rhamna.<\/p>\n<p>La finalit\u00e9 de cette caravane \u00e9tant d\u2019encourager la d\u00e9marche entrepreneuriale et de pr\u00e9senter les diff\u00e9rentes offres de financement, ainsi que les multiples programmes d\u2019accompagnement disponibles.<\/p>\n<p>Cette caravane, dont la c\u00e9r\u00e9monie de lancement a \u00e9t\u00e9 pr\u00e9sid\u00e9e par le wali de la r\u00e9gion Marrakech-Safi, gouverneur de la pr\u00e9fecture de Marrakech, M. Karim Kassi-Lahlou en pr\u00e9sence notamment, du directeur g\u00e9n\u00e9ral du CRI de Marrakech-Safi, Yassine Mseffer et du directeur r\u00e9gional de l\u2019ANAPEC, Hicham Kasbaoui, s\u2019inscrit dans le cadre de la strat\u00e9gie nationale de la relance de l\u2019investissement et de soutien aux entreprises marocaines, ainsi que de la mise en \u0153uvre du partenariat unissant la wilaya de la r\u00e9gion, le CRI et l\u2019ANAPEC entre autres.<\/p>\n<p>Dans une d\u00e9claration \u00e0 M24, la Cha\u00eene de t\u00e9l\u00e9vision de l\u2019information en continu de la MAP, le directeur du p\u00f4le impulsion \u00e9conomique et offre territoriale au CRI Marrakech-Safi, Mohamed Amine Sabibi, a fait savoir que cette caravane constitue un exemple \u00e9loquent des partenariats conclus par le CRI- MS avec plusieurs partenaires, dont la Wilaya de la r\u00e9gion Marrakech-Safi, la CCG et l\u2019INDH.<\/p>\n<p>Les objectifs de cette caravane de l\u2019entrepreneuriat consistent \u00e0 faire connaitre les offres et les programmes d\u2019accompagnement et de soutien des projets entrepreneuriaux, a-t-il poursuivi.<\/p>\n<p>Il s\u2019agit aussi de sensibiliser et de communiquer directement avec les jeunes et les femmes porteurs d\u2019id\u00e9es, issus du monde rural, lequel est dot\u00e9 d\u2019\u00e9normes potentialit\u00e9s et de comp\u00e9tences humaines cr\u00e9atives et innovantes, a-t-il expliqu\u00e9, rappelant que la dynamique entrepreneuriale repr\u00e9sente un chantier qui b\u00e9n\u00e9ficie de la Haute Sollicitude de Sa Majest\u00e9 le Roi Mohammed VI, sachant que le Souverain a pr\u00e9sid\u00e9 en janvier 2020 la c\u00e9r\u00e9monie de pr\u00e9sentation du \u00ab\u00a0Programme int\u00e9gr\u00e9 d\u2019appui et de financement des entreprises\u00a0\u00bb ainsi que de la signature des conventions y aff\u00e9rentes.<\/p>\n<p>De son c\u00f4t\u00e9, le directeur r\u00e9gional de l\u2019ANAPEC \u00e0 Marrakech-Safi, Hicham Kasbaoui, a relev\u00e9 que les initiateurs de cette Caravane ont programm\u00e9 24 \u00e9tapes r\u00e9parties sur 24 communes de la r\u00e9gion Marrakech-Safi, notant que cette initiative vise \u00e0 rapprocher les services publics en charge de l\u2019emploi notamment, le travail salarial, de l\u2019auto-emploi et de la cr\u00e9ation d\u2019entreprises, des jeunes et femmes issus du monde rural.<\/p>\n<p>Dans ce cadre, M. Kasbaoui, a fait savoir que cette caravane, qui sera organis\u00e9e de fa\u00e7on r\u00e9guli\u00e8re, a pr\u00e9vu plusieurs activit\u00e9s et ateliers ciblant plusieurs cat\u00e9gories de jeunes et ce, dans le but de renforcer leurs capacit\u00e9s en termes d\u2019acc\u00e8s au march\u00e9 de l\u2019emploi et de la cr\u00e9ation d\u2019entreprises.<\/p>\n<p>The post <a rel=\"nofollow\" href=\"http:\/\/www.mapmarrakech.ma\/fr\/le-cri-lance-sa-caravane-regionale-de-lentrepreneuriat\/\">Le CRI lance sa caravane r\u00e9gionale de l\u2019entrepreneuriat<\/a> appeared first on <a rel=\"nofollow\" href=\"http:\/\/www.mapmarrakech.ma\/fr\">MapMarrakech<\/a>.<\/p>\n<\/div>\n<p>Auteur: Meriem IGASS<br \/>\n<a href=\"http:\/\/www.mapmarrakech.ma\/fr\/le-cri-lance-sa-caravane-regionale-de-lentrepreneuriat\/\">Cliquez ici pour lire l&rsquo;article depuis sa source.<\/a><\/p>\n","protected":false},"excerpt":{"rendered":"<p>Initi\u00e9e en partenariat avec l\u2019Agence Nationale de Promotion de l\u2019Emploi et des Comp\u00e9tences (ANAPEC), l\u2019Initiative Nationale pour le D\u00e9veloppement Humain (INDH), la wilaya de la r\u00e9gion Marrakech-Safi et la Caisse Centrale de Garantie (CCG), cette initiative socio\u00e9conomique qui se poursuivra jusqu\u2019au 1er ao\u00fbt prochain, sillonnera 24 jours durant, quelque 24 communes relevant de la pr\u00e9fecture [&hellip;]<\/p>\n","protected":false},"author":1788,"featured_media":0,"comment_status":"closed","ping_status":"closed","sticky":false,"template":"","format":"standard","meta":{"fifu_image_url":"http:\/\/www.mapmarrakech.ma\/map\/uploads\/2021\/03\/CRIMarrakechversioncorrecte-copier-1.jpg","fifu_image_alt":"Le CRI lance sa caravane r\u00e9gionale de l\u2019entrepreneuriat","footnotes":""},"categories":[54,76],"tags":[],"class_list":["post-120511","post","type-post","status-publish","format-standard","hentry","category-maroc","category-regions"],"_links":{"self":[{"href":"https:\/\/linitiative.ca\/International\/wp-json\/wp\/v2\/posts\/120511","targetHints":{"allow":["GET"]}}],"collection":[{"href":"https:\/\/linitiative.ca\/International\/wp-json\/wp\/v2\/posts"}],"about":[{"href":"https:\/\/linitiative.ca\/International\/wp-json\/wp\/v2\/types\/post"}],"author":[{"embeddable":true,"href":"https:\/\/linitiative.ca\/International\/wp-json\/wp\/v2\/users\/1788"}],"replies":[{"embeddable":true,"href":"https:\/\/linitiative.ca\/International\/wp-json\/wp\/v2\/comments?post=120511"}],"version-history":[{"count":0,"href":"https:\/\/linitiative.ca\/International\/wp-json\/wp\/v2\/posts\/120511\/revisions"}],"wp:attachment":[{"href":"https:\/\/linitiative.ca\/International\/wp-json\/wp\/v2\/media?parent=120511"}],"wp:term":[{"taxonomy":"category","embeddable":true,"href":"https:\/\/linitiative.ca\/International\/wp-json\/wp\/v2\/categories?post=120511"},{"taxonomy":"post_tag","embeddable":true,"href":"https:\/\/linitiative.ca\/International\/wp-json\/wp\/v2\/tags?post=120511"}],"curies":[{"name":"wp","href":"https:\/\/api.w.org\/{rel}","templated":true}]}}