{"id":120513,"date":"2021-07-06T11:40:28","date_gmt":"2021-07-06T15:40:28","guid":{"rendered":"https:\/\/linitiative.ca\/International\/vaccins-la-barre-des-20-m-de-doses-franchie-dans-les-prochains-jours\/"},"modified":"2021-07-06T11:40:28","modified_gmt":"2021-07-06T15:40:28","slug":"vaccins-la-barre-des-20-m-de-doses-franchie-dans-les-prochains-jours","status":"publish","type":"post","link":"https:\/\/linitiative.ca\/International\/vaccins-la-barre-des-20-m-de-doses-franchie-dans-les-prochains-jours\/","title":{"rendered":"Vaccins: la barre des 20 M de doses franchie \u00ab\u00a0dans les prochains jours\u00a0\u00bb"},"content":{"rendered":"<div>\n<div style=\"margin-bottom:20px;\"><img loading=\"lazy\" decoding=\"async\" width=\"750\" height=\"430\" src=\"https:\/\/linitiative.ca\/International\/wp-content\/uploads\/sites\/23\/2021\/07\/MinistC3A8re-de-la-santC3A9.jpg\" class=\"attachment-post-thumbnail size-post-thumbnail wp-post-image\" alt=\"\" srcset=\"https:\/\/linitiative.ca\/International\/wp-content\/uploads\/sites\/23\/2021\/07\/MinistC3A8re-de-la-santC3A9.jpg 750w, http:\/\/www.mapmarrakech.ma\/map\/uploads\/2021\/05\/Minist\u00e8re-de-la-sant\u00e9-300x172.jpg 300w\" sizes=\"auto, (max-width: 750px) 100vw, 750px\"><\/div>\n<p align=\"justify\">A lundi 5 juillet 2021, le nombre de personnes compl\u00e8tement vaccin\u00e9es a atteint 9.181.595 personnes, tandis que les primo-vaccin\u00e9s s\u2019\u00e9l\u00e8vent d\u00e9sormais \u00e0 10.119.393, a indiqu\u00e9 le chef de la division des maladies transmissibles, Abdelkrim Meziane Bellefquih, au cours de la pr\u00e9sentation du bilan bimensuel (22 juin\/05 juillet) de la situation \u00e9pid\u00e9miologique au Maroc.<\/p>\n<p align=\"justify\">M. Bellefquih a rappel\u00e9 que SM le Roi Mohammed VI a pr\u00e9sid\u00e9 lundi au Palais Royal de F\u00e8s le lancement et la signature d\u2019accords li\u00e9s au projet de fabrication et de mise en seringue au Maroc du vaccin anti-Covid19 et autres vaccins, expliquant que ce projet structurant s\u2019inscrit dans le cadre de la volont\u00e9 royale de permettre au Royaume de disposer de capacit\u00e9s industrielles et biotechnologiques globales et int\u00e9gr\u00e9es pour fabriquer des vaccins.<\/p>\n<p align=\"justify\">En appui \u00e0 la campagne nationale de vaccination contre la Covid-19, qui est \u00e0 sa 23\u00e8me semaine cons\u00e9cutive, les autorit\u00e9s sanitaires nationales ont re\u00e7u, ce mardi matin, de nouvelles cargaisons du vaccin chinois Sinopharm, lesquelles permettront de poursuivre confortablement les op\u00e9rations de vaccination.<\/p>\n<p align=\"justify\">Aux fins de la r\u00e9alisation des objectifs de la strat\u00e9gie nationale de vaccination, les rendez-vous ont \u00e9t\u00e9 \u00e9tendus \u00e0 la journ\u00e9e de dimanche, \u00e0 la faveur de la mobilisation de cadres m\u00e9dicaux civils et militaires, tout\u00a0en donnant une nouvelle opportunit\u00e9 aux citoyens \u00e2g\u00e9s de plus de 40 ans de se faire vacciner.<\/p>\n<p align=\"justify\">Le responsable a en outre fait \u00e9tat d\u2019un changement visible en termes d\u2019indicateurs, ce qui pr\u00e9sage le caract\u00e8re sensible de la prochaine \u00e9tape, affirmant : \u00ab\u00a0Soit nous allons nous ressaisir en toute fermet\u00e9 et responsabilit\u00e9 et ramener la courbe \u00e0 une trajectoire positive, soit nous allons nous r\u00e9signer \u00e0 une rechute \u00e9pid\u00e9miologique avec laquelle tous les acquis risquent d\u2019\u00eatre an\u00e9antis\u00a0\u00bb.<\/p>\n<p align=\"justify\">A cet effet, le minist\u00e8re de la Sant\u00e9 exhorte les citoyennes et citoyens \u00e0 faire preuve d\u2019un sens \u00e9lev\u00e9 de responsabilit\u00e9 et de vigilance citoyenne pour aller de l\u2019avant dans la pr\u00e9servation des acquis et la mise en \u0153uvre fluide des mesures d\u2019assouplissement.<\/p>\n<p>The post <a rel=\"nofollow\" href=\"http:\/\/www.mapmarrakech.ma\/fr\/vaccins-la-barre-des-20-millions-de-doses-franchie-dans-les-prochains-jours\/\">Vaccins: la barre des 20 M de doses franchie \u00ab\u00a0dans les prochains jours\u00a0\u00bb<\/a> appeared first on <a rel=\"nofollow\" href=\"http:\/\/www.mapmarrakech.ma\/fr\">MapMarrakech<\/a>.<\/p>\n<\/div>\n<p>Auteur: Meriem IGASS<br \/>\n<a href=\"http:\/\/www.mapmarrakech.ma\/fr\/vaccins-la-barre-des-20-millions-de-doses-franchie-dans-les-prochains-jours\/\">Cliquez ici pour lire l&rsquo;article depuis sa source.<\/a><\/p>\n","protected":false},"excerpt":{"rendered":"<p>A lundi 5 juillet 2021, le nombre de personnes compl\u00e8tement vaccin\u00e9es a atteint 9.181.595 personnes, tandis que les primo-vaccin\u00e9s s\u2019\u00e9l\u00e8vent d\u00e9sormais \u00e0 10.119.393, a indiqu\u00e9 le chef de la division des maladies transmissibles, Abdelkrim Meziane Bellefquih, au cours de la pr\u00e9sentation du bilan bimensuel (22 juin\/05 juillet) de la situation \u00e9pid\u00e9miologique au Maroc. M. Bellefquih [&hellip;]<\/p>\n","protected":false},"author":1788,"featured_media":0,"comment_status":"closed","ping_status":"closed","sticky":false,"template":"","format":"standard","meta":{"fifu_image_url":"http:\/\/www.mapmarrakech.ma\/map\/uploads\/2021\/05\/Minist\u00e8re-de-la-sant\u00e9.jpg","fifu_image_alt":"Vaccins: la barre des 20 M de doses franchie \u00ab\u00a0dans les prochains jours\u00a0\u00bb","footnotes":""},"categories":[54,76],"tags":[],"class_list":["post-120513","post","type-post","status-publish","format-standard","hentry","category-maroc","category-regions"],"_links":{"self":[{"href":"https:\/\/linitiative.ca\/International\/wp-json\/wp\/v2\/posts\/120513","targetHints":{"allow":["GET"]}}],"collection":[{"href":"https:\/\/linitiative.ca\/International\/wp-json\/wp\/v2\/posts"}],"about":[{"href":"https:\/\/linitiative.ca\/International\/wp-json\/wp\/v2\/types\/post"}],"author":[{"embeddable":true,"href":"https:\/\/linitiative.ca\/International\/wp-json\/wp\/v2\/users\/1788"}],"replies":[{"embeddable":true,"href":"https:\/\/linitiative.ca\/International\/wp-json\/wp\/v2\/comments?post=120513"}],"version-history":[{"count":0,"href":"https:\/\/linitiative.ca\/International\/wp-json\/wp\/v2\/posts\/120513\/revisions"}],"wp:attachment":[{"href":"https:\/\/linitiative.ca\/International\/wp-json\/wp\/v2\/media?parent=120513"}],"wp:term":[{"taxonomy":"category","embeddable":true,"href":"https:\/\/linitiative.ca\/International\/wp-json\/wp\/v2\/categories?post=120513"},{"taxonomy":"post_tag","embeddable":true,"href":"https:\/\/linitiative.ca\/International\/wp-json\/wp\/v2\/tags?post=120513"}],"curies":[{"name":"wp","href":"https:\/\/api.w.org\/{rel}","templated":true}]}}