{"id":120526,"date":"2021-07-06T12:00:27","date_gmt":"2021-07-06T16:00:27","guid":{"rendered":"https:\/\/linitiative.ca\/International\/technologies-vertes-liresen-mobilise-les-competences-marocaines\/"},"modified":"2021-07-06T12:00:27","modified_gmt":"2021-07-06T16:00:27","slug":"technologies-vertes-liresen-mobilise-les-competences-marocaines","status":"publish","type":"post","link":"https:\/\/linitiative.ca\/International\/technologies-vertes-liresen-mobilise-les-competences-marocaines\/","title":{"rendered":"Technologies vertes: L&rsquo;IRESEN mobilise les comp\u00e9tences marocaines"},"content":{"rendered":"<div>\n<div class=\"field field-name-body field-type-text-with-summary field-label-hidden\">\n<div class=\"field-items\">\n<div class=\"field-item even\" property=\"content:encoded\">\n<p class=\"rtejustify\">L&rsquo;Institut de recherche en \u00e9nergie solaire et \u00e9nergies nouvelles (IRESEN) entend mobiliser les comp\u00e9tences marocaines dans le domaine des technologies vertes. Il lance en ce sens une base de donn\u00e9es et un site des Marocains du Monde experts en technologies vertes d\u00e9nomm\u00e9 \u201cGreen MDM\u201d (<a href=\"http:\/\/www.greenmdm.ma\/\">www.greenmdm.ma<\/a>).<\/p>\n<\/div>\n<\/div>\n<\/div>\n<\/div>\n<p>Auteur: hgueye<br \/>\n<a href=\"https:\/\/www.leconomiste.com\/flash-infos\/technologies-vertes-l-iresen-mobilise-les-competences-marocaines\">Cliquez ici pour lire l&rsquo;article depuis sa source.<\/a><\/p>\n","protected":false},"excerpt":{"rendered":"<p>L&rsquo;Institut de recherche en \u00e9nergie solaire et \u00e9nergies nouvelles (IRESEN) entend mobiliser les comp\u00e9tences marocaines dans le domaine des technologies vertes. Il lance en ce sens une base de donn\u00e9es et un site des Marocains du Monde experts en technologies vertes d\u00e9nomm\u00e9 \u201cGreen MDM\u201d (www.greenmdm.ma). Auteur: hgueye Cliquez ici pour lire l&rsquo;article depuis sa source.<\/p>\n","protected":false},"author":1763,"featured_media":0,"comment_status":"closed","ping_status":"closed","sticky":false,"template":"","format":"standard","meta":{"fifu_image_url":"","fifu_image_alt":"","footnotes":""},"categories":[78,54],"tags":[],"class_list":["post-120526","post","type-post","status-publish","format-standard","hentry","category-economie","category-maroc"],"_links":{"self":[{"href":"https:\/\/linitiative.ca\/International\/wp-json\/wp\/v2\/posts\/120526","targetHints":{"allow":["GET"]}}],"collection":[{"href":"https:\/\/linitiative.ca\/International\/wp-json\/wp\/v2\/posts"}],"about":[{"href":"https:\/\/linitiative.ca\/International\/wp-json\/wp\/v2\/types\/post"}],"author":[{"embeddable":true,"href":"https:\/\/linitiative.ca\/International\/wp-json\/wp\/v2\/users\/1763"}],"replies":[{"embeddable":true,"href":"https:\/\/linitiative.ca\/International\/wp-json\/wp\/v2\/comments?post=120526"}],"version-history":[{"count":0,"href":"https:\/\/linitiative.ca\/International\/wp-json\/wp\/v2\/posts\/120526\/revisions"}],"wp:attachment":[{"href":"https:\/\/linitiative.ca\/International\/wp-json\/wp\/v2\/media?parent=120526"}],"wp:term":[{"taxonomy":"category","embeddable":true,"href":"https:\/\/linitiative.ca\/International\/wp-json\/wp\/v2\/categories?post=120526"},{"taxonomy":"post_tag","embeddable":true,"href":"https:\/\/linitiative.ca\/International\/wp-json\/wp\/v2\/tags?post=120526"}],"curies":[{"name":"wp","href":"https:\/\/api.w.org\/{rel}","templated":true}]}}