{"id":120527,"date":"2021-07-06T12:29:15","date_gmt":"2021-07-06T16:29:15","guid":{"rendered":"https:\/\/linitiative.ca\/International\/pays-bas-la-condamnation-pour-discrimination-anti-marocaine-de-geert-wilders-confirmee\/"},"modified":"2021-07-06T12:29:15","modified_gmt":"2021-07-06T16:29:15","slug":"pays-bas-la-condamnation-pour-discrimination-anti-marocaine-de-geert-wilders-confirmee","status":"publish","type":"post","link":"https:\/\/linitiative.ca\/International\/pays-bas-la-condamnation-pour-discrimination-anti-marocaine-de-geert-wilders-confirmee\/","title":{"rendered":"Pays-Bas: la condamnation pour discrimination anti-marocaine de Geert Wilders confirm\u00e9e"},"content":{"rendered":"<div>\n<div class=\"field field-name-body field-type-text-with-summary field-label-hidden\">\n<div class=\"field-items\">\n<div class=\"field-item even\" property=\"content:encoded\">\n<p class=\"rtejustify\">La Cour supr\u00eame n\u00e9erlandaise a confirm\u00e9 mardi la condamnation du d\u00e9put\u00e9 d&rsquo;extr\u00eame droite n\u00e9erlandais Geert Wilders pour avoir promis en 2014 \u00ab\u00a0moins de Marocains\u00a0\u00bb aux Pays-Bas, les juges estimant que les principes de l&rsquo;Etat de droit valent aussi pour les politiciens.<\/p>\n<\/div>\n<\/div>\n<\/div>\n<\/div>\n<p>Auteur: hgueye<br \/>\n<a href=\"https:\/\/www.leconomiste.com\/flash-infos\/pays-bas-la-condamnation-pour-discrimination-anti-marocaine-de-geert-wilders-confirmee\">Cliquez ici pour lire l&rsquo;article depuis sa source.<\/a><\/p>\n","protected":false},"excerpt":{"rendered":"<p>La Cour supr\u00eame n\u00e9erlandaise a confirm\u00e9 mardi la condamnation du d\u00e9put\u00e9 d&rsquo;extr\u00eame droite n\u00e9erlandais Geert Wilders pour avoir promis en 2014 \u00ab\u00a0moins de Marocains\u00a0\u00bb aux Pays-Bas, les juges estimant que les principes de l&rsquo;Etat de droit valent aussi pour les politiciens. Auteur: hgueye Cliquez ici pour lire l&rsquo;article depuis sa source.<\/p>\n","protected":false},"author":1763,"featured_media":0,"comment_status":"closed","ping_status":"closed","sticky":false,"template":"","format":"standard","meta":{"fifu_image_url":"","fifu_image_alt":"","footnotes":""},"categories":[78,54],"tags":[],"class_list":["post-120527","post","type-post","status-publish","format-standard","hentry","category-economie","category-maroc"],"_links":{"self":[{"href":"https:\/\/linitiative.ca\/International\/wp-json\/wp\/v2\/posts\/120527","targetHints":{"allow":["GET"]}}],"collection":[{"href":"https:\/\/linitiative.ca\/International\/wp-json\/wp\/v2\/posts"}],"about":[{"href":"https:\/\/linitiative.ca\/International\/wp-json\/wp\/v2\/types\/post"}],"author":[{"embeddable":true,"href":"https:\/\/linitiative.ca\/International\/wp-json\/wp\/v2\/users\/1763"}],"replies":[{"embeddable":true,"href":"https:\/\/linitiative.ca\/International\/wp-json\/wp\/v2\/comments?post=120527"}],"version-history":[{"count":0,"href":"https:\/\/linitiative.ca\/International\/wp-json\/wp\/v2\/posts\/120527\/revisions"}],"wp:attachment":[{"href":"https:\/\/linitiative.ca\/International\/wp-json\/wp\/v2\/media?parent=120527"}],"wp:term":[{"taxonomy":"category","embeddable":true,"href":"https:\/\/linitiative.ca\/International\/wp-json\/wp\/v2\/categories?post=120527"},{"taxonomy":"post_tag","embeddable":true,"href":"https:\/\/linitiative.ca\/International\/wp-json\/wp\/v2\/tags?post=120527"}],"curies":[{"name":"wp","href":"https:\/\/api.w.org\/{rel}","templated":true}]}}