{"id":120529,"date":"2021-07-06T15:10:15","date_gmt":"2021-07-06T19:10:15","guid":{"rendered":"https:\/\/linitiative.ca\/International\/real-une-legende-allemande-sen-prend-frontalement-a-kroos\/"},"modified":"2021-07-06T15:10:15","modified_gmt":"2021-07-06T19:10:15","slug":"real-une-legende-allemande-sen-prend-frontalement-a-kroos","status":"publish","type":"post","link":"https:\/\/linitiative.ca\/International\/real-une-legende-allemande-sen-prend-frontalement-a-kroos\/","title":{"rendered":"Real : Une l\u00e9gende Allemande s&rsquo;en prend frontalement \u00e0 Kroos"},"content":{"rendered":"<div>Une semaine apr\u00e8s l\u2019\u00e9limination de l\u2019Allemagne au stade des huiti\u00e8mes de finale, Lothar Matth\u00e4us a vivement critiqu\u00e9 son compatriote Toni Kroos.<img loading=\"lazy\" decoding=\"async\" src=\"http:\/\/feeds.feedburner.com\/~r\/GalerieFArtciles\/~4\/t-i7flUHYGM\" height=\"1\" width=\"1\" alt=\"\"><\/div>\n<p>Auteur:<br \/>\n<a href=\"http:\/\/www.lebuteur.com\/article\/detail?titre=real-une-legende-allemande-sen-prend-frontalement-a-kroos&#038;id=100562&#038;utm_source=feedburner&#038;utm_medium=feed&#038;utm_campaign=Feed%3A+GalerieFArtciles+%28Les+derniers+articles++-+lebuteur.com%29\">Cliquez ici pour lire l&rsquo;article depuis sa source.<\/a><\/p>\n","protected":false},"excerpt":{"rendered":"<p>Une semaine apr\u00e8s l\u2019\u00e9limination de l\u2019Allemagne au stade des huiti\u00e8mes de finale, Lothar Matth\u00e4us a vivement critiqu\u00e9 son compatriote Toni Kroos. Auteur: Cliquez ici pour lire l&rsquo;article depuis sa source.<\/p>\n","protected":false},"author":1738,"featured_media":0,"comment_status":"closed","ping_status":"closed","sticky":false,"template":"","format":"standard","meta":{"fifu_image_url":"http:\/\/feeds.feedburner.com\/~r\/GalerieFArtciles\/~4\/t-i7flUHYGM","fifu_image_alt":"<div>Real : Une l\u00e9gende Allemande s'en prend frontalement \u00e0 Kroos<\/div>","footnotes":""},"categories":[53,75],"tags":[],"class_list":["post-120529","post","type-post","status-publish","format-standard","hentry","category-algerie","category-sport"],"_links":{"self":[{"href":"https:\/\/linitiative.ca\/International\/wp-json\/wp\/v2\/posts\/120529","targetHints":{"allow":["GET"]}}],"collection":[{"href":"https:\/\/linitiative.ca\/International\/wp-json\/wp\/v2\/posts"}],"about":[{"href":"https:\/\/linitiative.ca\/International\/wp-json\/wp\/v2\/types\/post"}],"author":[{"embeddable":true,"href":"https:\/\/linitiative.ca\/International\/wp-json\/wp\/v2\/users\/1738"}],"replies":[{"embeddable":true,"href":"https:\/\/linitiative.ca\/International\/wp-json\/wp\/v2\/comments?post=120529"}],"version-history":[{"count":0,"href":"https:\/\/linitiative.ca\/International\/wp-json\/wp\/v2\/posts\/120529\/revisions"}],"wp:attachment":[{"href":"https:\/\/linitiative.ca\/International\/wp-json\/wp\/v2\/media?parent=120529"}],"wp:term":[{"taxonomy":"category","embeddable":true,"href":"https:\/\/linitiative.ca\/International\/wp-json\/wp\/v2\/categories?post=120529"},{"taxonomy":"post_tag","embeddable":true,"href":"https:\/\/linitiative.ca\/International\/wp-json\/wp\/v2\/tags?post=120529"}],"curies":[{"name":"wp","href":"https:\/\/api.w.org\/{rel}","templated":true}]}}