{"id":120531,"date":"2021-07-06T15:10:18","date_gmt":"2021-07-06T19:10:18","guid":{"rendered":"https:\/\/linitiative.ca\/International\/coupe-arabeu20-les-verts-sinclinent-en-finale\/"},"modified":"2021-07-06T15:10:18","modified_gmt":"2021-07-06T19:10:18","slug":"coupe-arabeu20-les-verts-sinclinent-en-finale","status":"publish","type":"post","link":"https:\/\/linitiative.ca\/International\/coupe-arabeu20-les-verts-sinclinent-en-finale\/","title":{"rendered":"Coupe arabe(U20) : les Verts s&rsquo;inclinent en finale"},"content":{"rendered":"<div>le Onze alg\u00e9rien a rat\u00e9 plusieurs occasions de scorer notamment en premi\u00e8re mi-temps&#8230;<img loading=\"lazy\" decoding=\"async\" src=\"http:\/\/feeds.feedburner.com\/~r\/GalerieFArtciles\/~4\/YdyabZtH73g\" height=\"1\" width=\"1\" alt=\"\"><\/div>\n<p>Auteur:<br \/>\n<a href=\"http:\/\/www.lebuteur.com\/article\/detail?titre=coupe-arabe-u20-les-verts-sinclinent-en-finale&#038;id=100563&#038;utm_source=feedburner&#038;utm_medium=feed&#038;utm_campaign=Feed%3A+GalerieFArtciles+%28Les+derniers+articles++-+lebuteur.com%29\">Cliquez ici pour lire l&rsquo;article depuis sa source.<\/a><\/p>\n","protected":false},"excerpt":{"rendered":"<p>le Onze alg\u00e9rien a rat\u00e9 plusieurs occasions de scorer notamment en premi\u00e8re mi-temps&#8230; Auteur: Cliquez ici pour lire l&rsquo;article depuis sa source.<\/p>\n","protected":false},"author":1738,"featured_media":0,"comment_status":"closed","ping_status":"closed","sticky":false,"template":"","format":"standard","meta":{"fifu_image_url":"http:\/\/feeds.feedburner.com\/~r\/GalerieFArtciles\/~4\/YdyabZtH73g","fifu_image_alt":"<div>Coupe arabe(U20) : les Verts s'inclinent en finale<\/div>","footnotes":""},"categories":[53,75],"tags":[],"class_list":["post-120531","post","type-post","status-publish","format-standard","hentry","category-algerie","category-sport"],"_links":{"self":[{"href":"https:\/\/linitiative.ca\/International\/wp-json\/wp\/v2\/posts\/120531","targetHints":{"allow":["GET"]}}],"collection":[{"href":"https:\/\/linitiative.ca\/International\/wp-json\/wp\/v2\/posts"}],"about":[{"href":"https:\/\/linitiative.ca\/International\/wp-json\/wp\/v2\/types\/post"}],"author":[{"embeddable":true,"href":"https:\/\/linitiative.ca\/International\/wp-json\/wp\/v2\/users\/1738"}],"replies":[{"embeddable":true,"href":"https:\/\/linitiative.ca\/International\/wp-json\/wp\/v2\/comments?post=120531"}],"version-history":[{"count":0,"href":"https:\/\/linitiative.ca\/International\/wp-json\/wp\/v2\/posts\/120531\/revisions"}],"wp:attachment":[{"href":"https:\/\/linitiative.ca\/International\/wp-json\/wp\/v2\/media?parent=120531"}],"wp:term":[{"taxonomy":"category","embeddable":true,"href":"https:\/\/linitiative.ca\/International\/wp-json\/wp\/v2\/categories?post=120531"},{"taxonomy":"post_tag","embeddable":true,"href":"https:\/\/linitiative.ca\/International\/wp-json\/wp\/v2\/tags?post=120531"}],"curies":[{"name":"wp","href":"https:\/\/api.w.org\/{rel}","templated":true}]}}