{"id":120532,"date":"2021-07-06T15:10:20","date_gmt":"2021-07-06T19:10:20","guid":{"rendered":"https:\/\/linitiative.ca\/International\/barca-le-sponsor-du-club-ne-digere-pas-les-propos-de-griezmann-et-dembele\/"},"modified":"2021-07-06T15:10:20","modified_gmt":"2021-07-06T19:10:20","slug":"barca-le-sponsor-du-club-ne-digere-pas-les-propos-de-griezmann-et-dembele","status":"publish","type":"post","link":"https:\/\/linitiative.ca\/International\/barca-le-sponsor-du-club-ne-digere-pas-les-propos-de-griezmann-et-dembele\/","title":{"rendered":"Bar\u00e7a : Le sponsor du club ne dig\u00e8re pas les propos de Griezmann et Demb\u00e9l\u00e9"},"content":{"rendered":"<div>La diffusion d&rsquo;une vid\u00e9o o\u00f9 l&rsquo;on peut entendre Ousmane Demb\u00e9l\u00e9 et Antoine Griezmann se moquer d&#8217;employ\u00e9s japonais d&rsquo;un h\u00f4tel, lors d&rsquo;une tourn\u00e9e en 2019, fait le buzz sur les r\u00e9seaux sociaux<img loading=\"lazy\" decoding=\"async\" src=\"http:\/\/feeds.feedburner.com\/~r\/GalerieFArtciles\/~4\/kJZePNhzm9U\" height=\"1\" width=\"1\" alt=\"\"><\/div>\n<p>Auteur:<br \/>\n<a href=\"http:\/\/www.lebuteur.com\/article\/detail?titre=barca-le-sponsor-du-club-ne-digere-pas-les-propos-de-griezmann-et-dembele&#038;id=100564&#038;utm_source=feedburner&#038;utm_medium=feed&#038;utm_campaign=Feed%3A+GalerieFArtciles+%28Les+derniers+articles++-+lebuteur.com%29\">Cliquez ici pour lire l&rsquo;article depuis sa source.<\/a><\/p>\n","protected":false},"excerpt":{"rendered":"<p>La diffusion d&rsquo;une vid\u00e9o o\u00f9 l&rsquo;on peut entendre Ousmane Demb\u00e9l\u00e9 et Antoine Griezmann se moquer d&#8217;employ\u00e9s japonais d&rsquo;un h\u00f4tel, lors d&rsquo;une tourn\u00e9e en 2019, fait le buzz sur les r\u00e9seaux sociaux Auteur: Cliquez ici pour lire l&rsquo;article depuis sa source.<\/p>\n","protected":false},"author":1738,"featured_media":0,"comment_status":"closed","ping_status":"closed","sticky":false,"template":"","format":"standard","meta":{"fifu_image_url":"http:\/\/feeds.feedburner.com\/~r\/GalerieFArtciles\/~4\/kJZePNhzm9U","fifu_image_alt":"Bar\u00e7a : Le sponsor du club ne dig\u00e8re pas les propos de Griezmann et Demb\u00e9l\u00e9","footnotes":""},"categories":[53,75],"tags":[],"class_list":["post-120532","post","type-post","status-publish","format-standard","hentry","category-algerie","category-sport"],"_links":{"self":[{"href":"https:\/\/linitiative.ca\/International\/wp-json\/wp\/v2\/posts\/120532","targetHints":{"allow":["GET"]}}],"collection":[{"href":"https:\/\/linitiative.ca\/International\/wp-json\/wp\/v2\/posts"}],"about":[{"href":"https:\/\/linitiative.ca\/International\/wp-json\/wp\/v2\/types\/post"}],"author":[{"embeddable":true,"href":"https:\/\/linitiative.ca\/International\/wp-json\/wp\/v2\/users\/1738"}],"replies":[{"embeddable":true,"href":"https:\/\/linitiative.ca\/International\/wp-json\/wp\/v2\/comments?post=120532"}],"version-history":[{"count":0,"href":"https:\/\/linitiative.ca\/International\/wp-json\/wp\/v2\/posts\/120532\/revisions"}],"wp:attachment":[{"href":"https:\/\/linitiative.ca\/International\/wp-json\/wp\/v2\/media?parent=120532"}],"wp:term":[{"taxonomy":"category","embeddable":true,"href":"https:\/\/linitiative.ca\/International\/wp-json\/wp\/v2\/categories?post=120532"},{"taxonomy":"post_tag","embeddable":true,"href":"https:\/\/linitiative.ca\/International\/wp-json\/wp\/v2\/tags?post=120532"}],"curies":[{"name":"wp","href":"https:\/\/api.w.org\/{rel}","templated":true}]}}