{"id":120533,"date":"2021-07-05T21:03:00","date_gmt":"2021-07-06T01:03:00","guid":{"rendered":"https:\/\/linitiative.ca\/International\/covid-les-jeunes-medecins-et-paramedicaux-appeles-sous-le-drapeau-pour-effectuer-le-service-national\/"},"modified":"2021-07-05T21:03:00","modified_gmt":"2021-07-06T01:03:00","slug":"covid-les-jeunes-medecins-et-paramedicaux-appeles-sous-le-drapeau-pour-effectuer-le-service-national","status":"publish","type":"post","link":"https:\/\/linitiative.ca\/International\/covid-les-jeunes-medecins-et-paramedicaux-appeles-sous-le-drapeau-pour-effectuer-le-service-national\/","title":{"rendered":"Covid : Les jeunes m\u00e9decins et param\u00e9dicaux appel\u00e9s sous le drapeau pour effectuer le service national"},"content":{"rendered":"<div><img decoding=\"async\" src=\"https:\/\/linitiative.ca\/International\/wp-content\/uploads\/sites\/23\/2021\/07\/1625530485_article.jpg\" alt=\"Covid : Les jeunes m\u00e9decins et param\u00e9dicaux appel\u00e9s sous le drapeau pour effectuer le service national\" align=\"left\">Dans une d\u00e9cision in\u00e9dite, la Tunisie a d\u00e9cid\u00e9 de mobiliser les m\u00e9decins et les param\u00e9dicaux dipl\u00f4m\u00e9s au cours des trois derni\u00e8res ann\u00e9es qui ont \u00e9t\u00e9 appel\u00e9s sous le drapeau, en renfort, pour effectuer leur service national au sein de l\u2019arm\u00e9e tunisienne. Ils sont invit\u00e9s \u00e0 prendre l\u2019attache du plus proche centre r\u00e9gional d\u2019incorporation et de mobilisation qui se chargera de leur inscription et leur affectation dans les diff\u00e9rentes r\u00e9gions du pays. Un appel sous le drapeau sera lanc\u00e9 \u00e0 cet effet. Cette mesure a \u00e9t\u00e9 \u00e9dict\u00e9e lors d\u2019une r\u00e9union tenue lundi en fin d\u2019apr\u00e8s-midi au palais de Carthage sous la pr\u00e9sidence du chef de l\u2019\u00c9tat, en pr\u00e9sence du &#8230;<\/p>\n<\/div>\n<p>Auteur:<br \/>\n<a href=\"https:\/\/www.leaders.com.tn\/article\/32119-covid-les-jeunes-medecins-et-paramedicaux-appeles-sous-le-drapeau-pour-effectuer-le-service-national\">Cliquez ici pour lire l&rsquo;article depuis sa source.<\/a><\/p>\n","protected":false},"excerpt":{"rendered":"<p>Dans une d\u00e9cision in\u00e9dite, la Tunisie a d\u00e9cid\u00e9 de mobiliser les m\u00e9decins et les param\u00e9dicaux dipl\u00f4m\u00e9s au cours des trois derni\u00e8res ann\u00e9es qui ont \u00e9t\u00e9 appel\u00e9s sous le drapeau, en renfort, pour effectuer leur service national au sein de l\u2019arm\u00e9e tunisienne. Ils sont invit\u00e9s \u00e0 prendre l\u2019attache du plus proche centre r\u00e9gional d\u2019incorporation et de [&hellip;]<\/p>\n","protected":false},"author":1772,"featured_media":0,"comment_status":"closed","ping_status":"closed","sticky":false,"template":"","format":"standard","meta":{"fifu_image_url":"http:\/\/www.leaders.com.tn\/uploads\/content\/thumbnails_small\/1625530485_article.jpg","fifu_image_alt":"Covid : Les jeunes m\u00e9decins et param\u00e9dicaux appel\u00e9s sous le drapeau pour effectuer le service national","footnotes":""},"categories":[73,55],"tags":[],"class_list":["post-120533","post","type-post","status-publish","format-standard","hentry","category-actualite","category-tunisie"],"_links":{"self":[{"href":"https:\/\/linitiative.ca\/International\/wp-json\/wp\/v2\/posts\/120533","targetHints":{"allow":["GET"]}}],"collection":[{"href":"https:\/\/linitiative.ca\/International\/wp-json\/wp\/v2\/posts"}],"about":[{"href":"https:\/\/linitiative.ca\/International\/wp-json\/wp\/v2\/types\/post"}],"author":[{"embeddable":true,"href":"https:\/\/linitiative.ca\/International\/wp-json\/wp\/v2\/users\/1772"}],"replies":[{"embeddable":true,"href":"https:\/\/linitiative.ca\/International\/wp-json\/wp\/v2\/comments?post=120533"}],"version-history":[{"count":0,"href":"https:\/\/linitiative.ca\/International\/wp-json\/wp\/v2\/posts\/120533\/revisions"}],"wp:attachment":[{"href":"https:\/\/linitiative.ca\/International\/wp-json\/wp\/v2\/media?parent=120533"}],"wp:term":[{"taxonomy":"category","embeddable":true,"href":"https:\/\/linitiative.ca\/International\/wp-json\/wp\/v2\/categories?post=120533"},{"taxonomy":"post_tag","embeddable":true,"href":"https:\/\/linitiative.ca\/International\/wp-json\/wp\/v2\/tags?post=120533"}],"curies":[{"name":"wp","href":"https:\/\/api.w.org\/{rel}","templated":true}]}}