{"id":120535,"date":"2021-07-06T04:12:00","date_gmt":"2021-07-06T08:12:00","guid":{"rendered":"https:\/\/linitiative.ca\/International\/la-fete-du-sacrifice-en-periode-de-pandemie-une-reponse-a-m-le-mufti-de-la-republique\/"},"modified":"2021-07-06T04:12:00","modified_gmt":"2021-07-06T08:12:00","slug":"la-fete-du-sacrifice-en-periode-de-pandemie-une-reponse-a-m-le-mufti-de-la-republique","status":"publish","type":"post","link":"https:\/\/linitiative.ca\/International\/la-fete-du-sacrifice-en-periode-de-pandemie-une-reponse-a-m-le-mufti-de-la-republique\/","title":{"rendered":"La f\u00eate du sacrifice en p\u00e9riode de pand\u00e9mie: une r\u00e9ponse \u00e0 M. le Mufti de la r\u00e9publique"},"content":{"rendered":"<div><img decoding=\"async\" src=\"https:\/\/linitiative.ca\/International\/wp-content\/uploads\/sites\/23\/2021\/07\/1625557537_article.jpg\" alt=\"La f\u00eate du sacrifice en p\u00e9riode de pand\u00e9mie: une r\u00e9ponse \u00e0 M. le Mufti de la r\u00e9publique\" align=\"left\">Par Sami Bibi &#8211; La f\u00eate du sacrifice comm\u00e9more le sacrifice manqu\u00e9 du fils d\u2019Abraham. Cette f\u00eate est probablement la plus importante f\u00eate pour les musulmans. Pour cette raison, elle est appel\u00e9e traditionnellement \u00ab la grande f\u00eate \u00bb (El-A\u00efd El-Kebir).<br \/>\nIl convient de rappeler bri\u00e8vement l\u2019histoire comm\u00e9mor\u00e9e par cette f\u00eate : Abraham et son \u00e9pouse Sarah n\u2019arrivaient pas \u00e0 avoir d\u2019enfants. Sarah propose alors \u00e0 son \u00e9poux de concevoir un enfant avec sa servante Hagar. De cette union na\u00eetra premier fils d\u2019Abraham, Isma\u00ebl. Quelques ann\u00e9es plus tard, Abraham rencontre un ange qui lui annonce que sa femme Sarah tombera enceinte et qu\u2019il aura un deuxi\u00e8me gar\u00e7on : &#8230;<\/p>\n<\/div>\n<p>Auteur:<br \/>\n<a href=\"https:\/\/www.leaders.com.tn\/article\/32120-la-fete-du-sacrifice-en-periode-de-pandemie-une-reponse-a-m-le-mufti-de-la-republique\">Cliquez ici pour lire l&rsquo;article depuis sa source.<\/a><\/p>\n","protected":false},"excerpt":{"rendered":"<p>Par Sami Bibi &#8211; La f\u00eate du sacrifice comm\u00e9more le sacrifice manqu\u00e9 du fils d\u2019Abraham. Cette f\u00eate est probablement la plus importante f\u00eate pour les musulmans. Pour cette raison, elle est appel\u00e9e traditionnellement \u00ab la grande f\u00eate \u00bb (El-A\u00efd El-Kebir). Il convient de rappeler bri\u00e8vement l\u2019histoire comm\u00e9mor\u00e9e par cette f\u00eate : Abraham et son \u00e9pouse [&hellip;]<\/p>\n","protected":false},"author":1772,"featured_media":0,"comment_status":"closed","ping_status":"closed","sticky":false,"template":"","format":"standard","meta":{"fifu_image_url":"http:\/\/www.leaders.com.tn\/uploads\/content\/thumbnails_small\/1625557537_article.jpg","fifu_image_alt":"La f\u00eate du sacrifice en p\u00e9riode de pand\u00e9mie: une r\u00e9ponse \u00e0 M. le Mufti de la r\u00e9publique","footnotes":""},"categories":[73,55],"tags":[],"class_list":["post-120535","post","type-post","status-publish","format-standard","hentry","category-actualite","category-tunisie"],"_links":{"self":[{"href":"https:\/\/linitiative.ca\/International\/wp-json\/wp\/v2\/posts\/120535","targetHints":{"allow":["GET"]}}],"collection":[{"href":"https:\/\/linitiative.ca\/International\/wp-json\/wp\/v2\/posts"}],"about":[{"href":"https:\/\/linitiative.ca\/International\/wp-json\/wp\/v2\/types\/post"}],"author":[{"embeddable":true,"href":"https:\/\/linitiative.ca\/International\/wp-json\/wp\/v2\/users\/1772"}],"replies":[{"embeddable":true,"href":"https:\/\/linitiative.ca\/International\/wp-json\/wp\/v2\/comments?post=120535"}],"version-history":[{"count":0,"href":"https:\/\/linitiative.ca\/International\/wp-json\/wp\/v2\/posts\/120535\/revisions"}],"wp:attachment":[{"href":"https:\/\/linitiative.ca\/International\/wp-json\/wp\/v2\/media?parent=120535"}],"wp:term":[{"taxonomy":"category","embeddable":true,"href":"https:\/\/linitiative.ca\/International\/wp-json\/wp\/v2\/categories?post=120535"},{"taxonomy":"post_tag","embeddable":true,"href":"https:\/\/linitiative.ca\/International\/wp-json\/wp\/v2\/tags?post=120535"}],"curies":[{"name":"wp","href":"https:\/\/api.w.org\/{rel}","templated":true}]}}