{"id":120537,"date":"2021-07-06T06:30:00","date_gmt":"2021-07-06T10:30:00","guid":{"rendered":"https:\/\/linitiative.ca\/International\/migration-ce-quil-faut-demander-a-leurope-ce-quil-faut-accorder-aux-migrants-en-tunisie\/"},"modified":"2021-07-06T06:30:00","modified_gmt":"2021-07-06T10:30:00","slug":"migration-ce-quil-faut-demander-a-leurope-ce-quil-faut-accorder-aux-migrants-en-tunisie","status":"publish","type":"post","link":"https:\/\/linitiative.ca\/International\/migration-ce-quil-faut-demander-a-leurope-ce-quil-faut-accorder-aux-migrants-en-tunisie\/","title":{"rendered":"Migration: Ce qu\u2019il faut demander \u00e0 l\u2019Europe, ce qu\u2019il faut accorder aux migrants en Tunisie"},"content":{"rendered":"<div><img decoding=\"async\" src=\"https:\/\/linitiative.ca\/International\/wp-content\/uploads\/sites\/23\/2021\/07\/1625567049_article.jpg\" alt=\"Migration: Ce qu\u2019il faut demander \u00e0 l\u2019Europe, ce qu\u2019il faut accorder aux migrants en Tunisie\" align=\"left\">Exiger de l\u2019Europe le droit au regroupement familial, un programme annuel de r\u00e9gularisation des sans-papiers, un quota significatif de nouvelles cartes de s\u00e9jour et de travail et une prime au recrutement de comp\u00e9tences sp\u00e9cialis\u00e9es, s\u2019impose d\u00e9sormais aux autorit\u00e9s tunisiennes. Se contenter de ronronner dans la vieille rh\u00e9torique de traque aux organisateurs de travers\u00e9es clandestines et la pourchasse des bateaux de la mort, moyennant de maigres euros au titre de contribution au d\u00e9veloppement, est plus qu\u2019une erreur strat\u00e9gique, une impuissance politique, estiment de nombreux analystes.<br \/>\nUne trag\u00e9die inhumaine hallucinante<br \/>\nRegardons la r\u00e9alit\u00e9 en face. Ce ne sont plus &#8230;<\/p>\n<\/div>\n<p>Auteur:<br \/>\n<a href=\"https:\/\/www.leaders.com.tn\/article\/32121-migration-ce-qu-il-faut-demander-a-l-europe-ce-qu-il-faut-accorder-aux-migrants-en-tunisie\">Cliquez ici pour lire l&rsquo;article depuis sa source.<\/a><\/p>\n","protected":false},"excerpt":{"rendered":"<p>Exiger de l\u2019Europe le droit au regroupement familial, un programme annuel de r\u00e9gularisation des sans-papiers, un quota significatif de nouvelles cartes de s\u00e9jour et de travail et une prime au recrutement de comp\u00e9tences sp\u00e9cialis\u00e9es, s\u2019impose d\u00e9sormais aux autorit\u00e9s tunisiennes. Se contenter de ronronner dans la vieille rh\u00e9torique de traque aux organisateurs de travers\u00e9es clandestines et [&hellip;]<\/p>\n","protected":false},"author":1772,"featured_media":0,"comment_status":"closed","ping_status":"closed","sticky":false,"template":"","format":"standard","meta":{"fifu_image_url":"http:\/\/www.leaders.com.tn\/uploads\/content\/thumbnails_small\/1625567049_article.jpg","fifu_image_alt":"Migration: Ce qu\u2019il faut demander \u00e0 l\u2019Europe, ce qu\u2019il faut accorder aux migrants en Tunisie","footnotes":""},"categories":[73,55],"tags":[],"class_list":["post-120537","post","type-post","status-publish","format-standard","hentry","category-actualite","category-tunisie"],"_links":{"self":[{"href":"https:\/\/linitiative.ca\/International\/wp-json\/wp\/v2\/posts\/120537","targetHints":{"allow":["GET"]}}],"collection":[{"href":"https:\/\/linitiative.ca\/International\/wp-json\/wp\/v2\/posts"}],"about":[{"href":"https:\/\/linitiative.ca\/International\/wp-json\/wp\/v2\/types\/post"}],"author":[{"embeddable":true,"href":"https:\/\/linitiative.ca\/International\/wp-json\/wp\/v2\/users\/1772"}],"replies":[{"embeddable":true,"href":"https:\/\/linitiative.ca\/International\/wp-json\/wp\/v2\/comments?post=120537"}],"version-history":[{"count":0,"href":"https:\/\/linitiative.ca\/International\/wp-json\/wp\/v2\/posts\/120537\/revisions"}],"wp:attachment":[{"href":"https:\/\/linitiative.ca\/International\/wp-json\/wp\/v2\/media?parent=120537"}],"wp:term":[{"taxonomy":"category","embeddable":true,"href":"https:\/\/linitiative.ca\/International\/wp-json\/wp\/v2\/categories?post=120537"},{"taxonomy":"post_tag","embeddable":true,"href":"https:\/\/linitiative.ca\/International\/wp-json\/wp\/v2\/tags?post=120537"}],"curies":[{"name":"wp","href":"https:\/\/api.w.org\/{rel}","templated":true}]}}