{"id":120542,"date":"2021-07-06T06:00:00","date_gmt":"2021-07-06T10:00:00","guid":{"rendered":"https:\/\/linitiative.ca\/International\/des-biologistes-chez-zeghmati\/"},"modified":"2021-07-06T06:00:00","modified_gmt":"2021-07-06T10:00:00","slug":"des-biologistes-chez-zeghmati","status":"publish","type":"post","link":"https:\/\/linitiative.ca\/International\/des-biologistes-chez-zeghmati\/","title":{"rendered":"Des biologistes chez Zeghmati"},"content":{"rendered":"<div>Le minist\u00e8re de la Justice compte mettre \u00e0 la disposition de son administration p\u00e9nitentiaire et de la r\u00e9insertion, des biologistes et des attach\u00e9s de laboratoire de sant\u00e9 publique. Un arr\u00eat\u00e9 interminist\u00e9riel<\/div>\n<p>Auteur:<br \/>\n<a href=\"https:\/\/www.lesoirdalgerie.com\/periscoop\/des-biologistes-chez-zeghmati-63922\">Cliquez ici pour lire l&rsquo;article depuis sa source.<\/a><\/p>\n","protected":false},"excerpt":{"rendered":"<p>Le minist\u00e8re de la Justice compte mettre \u00e0 la disposition de son administration p\u00e9nitentiaire et de la r\u00e9insertion, des biologistes et des attach\u00e9s de laboratoire de sant\u00e9 publique. Un arr\u00eat\u00e9 interminist\u00e9riel Auteur: Cliquez ici pour lire l&rsquo;article depuis sa source.<\/p>\n","protected":false},"author":1741,"featured_media":0,"comment_status":"closed","ping_status":"closed","sticky":false,"template":"","format":"standard","meta":{"fifu_image_url":"","fifu_image_alt":"","footnotes":""},"categories":[73,53],"tags":[],"class_list":["post-120542","post","type-post","status-publish","format-standard","hentry","category-actualite","category-algerie"],"_links":{"self":[{"href":"https:\/\/linitiative.ca\/International\/wp-json\/wp\/v2\/posts\/120542","targetHints":{"allow":["GET"]}}],"collection":[{"href":"https:\/\/linitiative.ca\/International\/wp-json\/wp\/v2\/posts"}],"about":[{"href":"https:\/\/linitiative.ca\/International\/wp-json\/wp\/v2\/types\/post"}],"author":[{"embeddable":true,"href":"https:\/\/linitiative.ca\/International\/wp-json\/wp\/v2\/users\/1741"}],"replies":[{"embeddable":true,"href":"https:\/\/linitiative.ca\/International\/wp-json\/wp\/v2\/comments?post=120542"}],"version-history":[{"count":0,"href":"https:\/\/linitiative.ca\/International\/wp-json\/wp\/v2\/posts\/120542\/revisions"}],"wp:attachment":[{"href":"https:\/\/linitiative.ca\/International\/wp-json\/wp\/v2\/media?parent=120542"}],"wp:term":[{"taxonomy":"category","embeddable":true,"href":"https:\/\/linitiative.ca\/International\/wp-json\/wp\/v2\/categories?post=120542"},{"taxonomy":"post_tag","embeddable":true,"href":"https:\/\/linitiative.ca\/International\/wp-json\/wp\/v2\/tags?post=120542"}],"curies":[{"name":"wp","href":"https:\/\/api.w.org\/{rel}","templated":true}]}}