{"id":120543,"date":"2021-07-06T06:00:00","date_gmt":"2021-07-06T10:00:00","guid":{"rendered":"https:\/\/linitiative.ca\/International\/prevention\/"},"modified":"2021-07-06T06:00:00","modified_gmt":"2021-07-06T10:00:00","slug":"prevention","status":"publish","type":"post","link":"https:\/\/linitiative.ca\/International\/prevention\/","title":{"rendered":"Pr\u00e9vention"},"content":{"rendered":"<div>\u00c0 l&rsquo;approche de la f\u00eate de l\u2019A\u00efd el-Adha, le minist\u00e8re de la Sant\u00e9 anticipe. Il vient d&rsquo;envoyer une note \u00e0 l&rsquo;ensemble des directeurs de la sant\u00e9 et de la population, leur demandant de lancer une campagne de communication relative<\/div>\n<p>Auteur:<br \/>\n<a href=\"https:\/\/www.lesoirdalgerie.com\/periscoop\/prevention-63921\">Cliquez ici pour lire l&rsquo;article depuis sa source.<\/a><\/p>\n","protected":false},"excerpt":{"rendered":"<p>\u00c0 l&rsquo;approche de la f\u00eate de l\u2019A\u00efd el-Adha, le minist\u00e8re de la Sant\u00e9 anticipe. Il vient d&rsquo;envoyer une note \u00e0 l&rsquo;ensemble des directeurs de la sant\u00e9 et de la population, leur demandant de lancer une campagne de communication relative Auteur: Cliquez ici pour lire l&rsquo;article depuis sa source.<\/p>\n","protected":false},"author":1741,"featured_media":0,"comment_status":"closed","ping_status":"closed","sticky":false,"template":"","format":"standard","meta":{"fifu_image_url":"","fifu_image_alt":"","footnotes":""},"categories":[73,53],"tags":[],"class_list":["post-120543","post","type-post","status-publish","format-standard","hentry","category-actualite","category-algerie"],"_links":{"self":[{"href":"https:\/\/linitiative.ca\/International\/wp-json\/wp\/v2\/posts\/120543","targetHints":{"allow":["GET"]}}],"collection":[{"href":"https:\/\/linitiative.ca\/International\/wp-json\/wp\/v2\/posts"}],"about":[{"href":"https:\/\/linitiative.ca\/International\/wp-json\/wp\/v2\/types\/post"}],"author":[{"embeddable":true,"href":"https:\/\/linitiative.ca\/International\/wp-json\/wp\/v2\/users\/1741"}],"replies":[{"embeddable":true,"href":"https:\/\/linitiative.ca\/International\/wp-json\/wp\/v2\/comments?post=120543"}],"version-history":[{"count":0,"href":"https:\/\/linitiative.ca\/International\/wp-json\/wp\/v2\/posts\/120543\/revisions"}],"wp:attachment":[{"href":"https:\/\/linitiative.ca\/International\/wp-json\/wp\/v2\/media?parent=120543"}],"wp:term":[{"taxonomy":"category","embeddable":true,"href":"https:\/\/linitiative.ca\/International\/wp-json\/wp\/v2\/categories?post=120543"},{"taxonomy":"post_tag","embeddable":true,"href":"https:\/\/linitiative.ca\/International\/wp-json\/wp\/v2\/tags?post=120543"}],"curies":[{"name":"wp","href":"https:\/\/api.w.org\/{rel}","templated":true}]}}