{"id":120548,"date":"2021-07-06T14:38:47","date_gmt":"2021-07-06T18:38:47","guid":{"rendered":"https:\/\/linitiative.ca\/International\/diffamation-khalil-hachimi-idrissi-fera-appel-du-jugement-contre-abdellah-bakkali\/"},"modified":"2021-07-06T14:38:47","modified_gmt":"2021-07-06T18:38:47","slug":"diffamation-khalil-hachimi-idrissi-fera-appel-du-jugement-contre-abdellah-bakkali","status":"publish","type":"post","link":"https:\/\/linitiative.ca\/International\/diffamation-khalil-hachimi-idrissi-fera-appel-du-jugement-contre-abdellah-bakkali\/","title":{"rendered":"Diffamation. Khalil Hachimi Idrissi fera appel du jugement contre Abdellah Bakkali"},"content":{"rendered":"<div><img decoding=\"async\" width=\"1026\" height=\"577\" src=\"https:\/\/linitiative.ca\/International\/wp-content\/uploads\/sites\/23\/2021\/07\/Khalil-Hachimi-Idrissi-DG-de-la-MAP.jpg\" class=\"attachment-post-thumbnail size-post-thumbnail wp-post-image\" alt=\"\" loading=\"lazy\" srcset=\"https:\/\/linitiative.ca\/International\/wp-content\/uploads\/sites\/23\/2021\/07\/Khalil-Hachimi-Idrissi-DG-de-la-MAP.jpg 1026w, https:\/\/www.challenge.ma\/wp-content\/uploads\/2020\/06\/Khalil-Hachimi-Idrissi-DG-de-la-MAP-300x169.jpg 300w, https:\/\/www.challenge.ma\/wp-content\/uploads\/2020\/06\/Khalil-Hachimi-Idrissi-DG-de-la-MAP-768x432.jpg 768w, https:\/\/www.challenge.ma\/wp-content\/uploads\/2020\/06\/Khalil-Hachimi-Idrissi-DG-de-la-MAP-1024x576.jpg 1024w, https:\/\/www.challenge.ma\/wp-content\/uploads\/2020\/06\/Khalil-Hachimi-Idrissi-DG-de-la-MAP-360x202.jpg 360w, https:\/\/www.challenge.ma\/wp-content\/uploads\/2020\/06\/Khalil-Hachimi-Idrissi-DG-de-la-MAP-750x422.jpg 750w\" sizes=\"auto, (max-width: 1026px) 100vw, 1026px\" itemprop=\"image\">Le tribunal de premi\u00e8re instance de Casablanca a rendu lundi son verdict dans le proc\u00e8s pour diffamation intent\u00e9 par le directeur g\u00e9n\u00e9ral de l\u2019Agence Marocaine de Presse (MAP), Khalil Hachimi Idrissi, contre le journaliste Abdellah Bakkali. Le tribunal a condamn\u00e9 \u00e0 une peine d\u2019amende le directeur de publication du quotidien<\/div>\n<p>Auteur: challenge<br \/>\n<a href=\"https:\/\/www.challenge.ma\/diffamation-khalil-hachimi-idrissi-fera-appel-du-jugement-contre-abdellah-bakkali-191573\/\">Cliquez ici pour lire l&rsquo;article depuis sa source.<\/a><\/p>\n","protected":false},"excerpt":{"rendered":"<p>Le tribunal de premi\u00e8re instance de Casablanca a rendu lundi son verdict dans le proc\u00e8s pour diffamation intent\u00e9 par le directeur g\u00e9n\u00e9ral de l\u2019Agence Marocaine de Presse (MAP), Khalil Hachimi Idrissi, contre le journaliste Abdellah Bakkali. Le tribunal a condamn\u00e9 \u00e0 une peine d\u2019amende le directeur de publication du quotidien Auteur: challenge Cliquez ici pour [&hellip;]<\/p>\n","protected":false},"author":1787,"featured_media":0,"comment_status":"closed","ping_status":"closed","sticky":false,"template":"","format":"standard","meta":{"fifu_image_url":"https:\/\/www.challenge.ma\/wp-content\/uploads\/2020\/06\/Khalil-Hachimi-Idrissi-DG-de-la-MAP.jpg","fifu_image_alt":"Diffamation. Khalil Hachimi Idrissi fera appel du jugement contre Abdellah Bakkali","footnotes":""},"categories":[78,54],"tags":[],"class_list":["post-120548","post","type-post","status-publish","format-standard","hentry","category-economie","category-maroc"],"_links":{"self":[{"href":"https:\/\/linitiative.ca\/International\/wp-json\/wp\/v2\/posts\/120548","targetHints":{"allow":["GET"]}}],"collection":[{"href":"https:\/\/linitiative.ca\/International\/wp-json\/wp\/v2\/posts"}],"about":[{"href":"https:\/\/linitiative.ca\/International\/wp-json\/wp\/v2\/types\/post"}],"author":[{"embeddable":true,"href":"https:\/\/linitiative.ca\/International\/wp-json\/wp\/v2\/users\/1787"}],"replies":[{"embeddable":true,"href":"https:\/\/linitiative.ca\/International\/wp-json\/wp\/v2\/comments?post=120548"}],"version-history":[{"count":0,"href":"https:\/\/linitiative.ca\/International\/wp-json\/wp\/v2\/posts\/120548\/revisions"}],"wp:attachment":[{"href":"https:\/\/linitiative.ca\/International\/wp-json\/wp\/v2\/media?parent=120548"}],"wp:term":[{"taxonomy":"category","embeddable":true,"href":"https:\/\/linitiative.ca\/International\/wp-json\/wp\/v2\/categories?post=120548"},{"taxonomy":"post_tag","embeddable":true,"href":"https:\/\/linitiative.ca\/International\/wp-json\/wp\/v2\/tags?post=120548"}],"curies":[{"name":"wp","href":"https:\/\/api.w.org\/{rel}","templated":true}]}}