{"id":120550,"date":"2021-07-06T16:25:47","date_gmt":"2021-07-06T20:25:47","guid":{"rendered":"https:\/\/linitiative.ca\/International\/gouvernement-le-bilan-detape-est-qualitatif-et-positif-selon-saadeddine-el-otmani\/"},"modified":"2021-07-06T16:25:47","modified_gmt":"2021-07-06T20:25:47","slug":"gouvernement-le-bilan-detape-est-qualitatif-et-positif-selon-saadeddine-el-otmani","status":"publish","type":"post","link":"https:\/\/linitiative.ca\/International\/gouvernement-le-bilan-detape-est-qualitatif-et-positif-selon-saadeddine-el-otmani\/","title":{"rendered":"Gouvernement. Le bilan d\u2019\u00e9tape est \u00abqualitatif et positif\u00bb selon Sa\u00e2deddine El Otmani"},"content":{"rendered":"<div><img decoding=\"async\" width=\"798\" height=\"532\" src=\"https:\/\/linitiative.ca\/International\/wp-content\/uploads\/sites\/23\/2021\/07\/OTHMANI-1.jpg\" class=\"attachment-post-thumbnail size-post-thumbnail wp-post-image\" alt=\"\" loading=\"lazy\" srcset=\"https:\/\/linitiative.ca\/International\/wp-content\/uploads\/sites\/23\/2021\/07\/OTHMANI-1.jpg 798w, https:\/\/www.challenge.ma\/wp-content\/uploads\/2021\/04\/OTHMANI-1-300x200.jpg 300w, https:\/\/www.challenge.ma\/wp-content\/uploads\/2021\/04\/OTHMANI-1-768x512.jpg 768w, https:\/\/www.challenge.ma\/wp-content\/uploads\/2021\/04\/OTHMANI-1-360x240.jpg 360w, https:\/\/www.challenge.ma\/wp-content\/uploads\/2021\/04\/OTHMANI-1-750x500.jpg 750w\" sizes=\"auto, (max-width: 798px) 100vw, 798px\" itemprop=\"image\">Le bilan d\u2019\u00e9tape de l\u2019action gouvernementale est \u00ab\u00a0qualitatif et positif\u00a0\u00bb puisqu\u2019il est riche en r\u00e9alisations \u00e0 impacts concrets sur le citoyen, a soulign\u00e9, mardi \u00e0 Rabat, le Chef du gouvernement, Sa\u00e2deddine El Otmani. \u00ab\u00a0Ce bilan d\u2019\u00e9tape se caract\u00e9rise par un nombre de r\u00e9formes structurelles qui auraient un impact sur les<\/div>\n<p>Auteur: challenge<br \/>\n<a href=\"https:\/\/www.challenge.ma\/gouvernement-le-bilan-detape-est-qualitatif-et-positif-selon-saadeddine-el-otmani-191580\/\">Cliquez ici pour lire l&rsquo;article depuis sa source.<\/a><\/p>\n","protected":false},"excerpt":{"rendered":"<p>Le bilan d\u2019\u00e9tape de l\u2019action gouvernementale est \u00ab\u00a0qualitatif et positif\u00a0\u00bb puisqu\u2019il est riche en r\u00e9alisations \u00e0 impacts concrets sur le citoyen, a soulign\u00e9, mardi \u00e0 Rabat, le Chef du gouvernement, Sa\u00e2deddine El Otmani. \u00ab\u00a0Ce bilan d\u2019\u00e9tape se caract\u00e9rise par un nombre de r\u00e9formes structurelles qui auraient un impact sur les Auteur: challenge Cliquez ici pour [&hellip;]<\/p>\n","protected":false},"author":1787,"featured_media":0,"comment_status":"closed","ping_status":"closed","sticky":false,"template":"","format":"standard","meta":{"fifu_image_url":"https:\/\/www.challenge.ma\/wp-content\/uploads\/2021\/04\/OTHMANI-1.jpg","fifu_image_alt":"Gouvernement. Le bilan d\u2019\u00e9tape est \u00abqualitatif et positif\u00bb selon Sa\u00e2deddine El Otmani","footnotes":""},"categories":[78,54],"tags":[],"class_list":["post-120550","post","type-post","status-publish","format-standard","hentry","category-economie","category-maroc"],"_links":{"self":[{"href":"https:\/\/linitiative.ca\/International\/wp-json\/wp\/v2\/posts\/120550","targetHints":{"allow":["GET"]}}],"collection":[{"href":"https:\/\/linitiative.ca\/International\/wp-json\/wp\/v2\/posts"}],"about":[{"href":"https:\/\/linitiative.ca\/International\/wp-json\/wp\/v2\/types\/post"}],"author":[{"embeddable":true,"href":"https:\/\/linitiative.ca\/International\/wp-json\/wp\/v2\/users\/1787"}],"replies":[{"embeddable":true,"href":"https:\/\/linitiative.ca\/International\/wp-json\/wp\/v2\/comments?post=120550"}],"version-history":[{"count":0,"href":"https:\/\/linitiative.ca\/International\/wp-json\/wp\/v2\/posts\/120550\/revisions"}],"wp:attachment":[{"href":"https:\/\/linitiative.ca\/International\/wp-json\/wp\/v2\/media?parent=120550"}],"wp:term":[{"taxonomy":"category","embeddable":true,"href":"https:\/\/linitiative.ca\/International\/wp-json\/wp\/v2\/categories?post=120550"},{"taxonomy":"post_tag","embeddable":true,"href":"https:\/\/linitiative.ca\/International\/wp-json\/wp\/v2\/tags?post=120550"}],"curies":[{"name":"wp","href":"https:\/\/api.w.org\/{rel}","templated":true}]}}