{"id":120552,"date":"2021-07-06T16:55:07","date_gmt":"2021-07-06T20:55:07","guid":{"rendered":"https:\/\/linitiative.ca\/International\/le-conseil-superieur-du-pouvoir-judiciaire-sanctionne-13-juges\/"},"modified":"2021-07-06T16:55:07","modified_gmt":"2021-07-06T20:55:07","slug":"le-conseil-superieur-du-pouvoir-judiciaire-sanctionne-13-juges","status":"publish","type":"post","link":"https:\/\/linitiative.ca\/International\/le-conseil-superieur-du-pouvoir-judiciaire-sanctionne-13-juges\/","title":{"rendered":"Le Conseil sup\u00e9rieur du pouvoir judiciaire sanctionne 13 juges"},"content":{"rendered":"<div><img decoding=\"async\" width=\"1280\" height=\"745\" src=\"https:\/\/linitiative.ca\/International\/wp-content\/uploads\/sites\/23\/2021\/07\/Mohamed-Abdennabaoui-president-delegue-du-CSPJ.jpg\" class=\"attachment-post-thumbnail size-post-thumbnail wp-post-image\" alt=\"\" loading=\"lazy\" srcset=\"https:\/\/linitiative.ca\/International\/wp-content\/uploads\/sites\/23\/2021\/07\/Mohamed-Abdennabaoui-president-delegue-du-CSPJ.jpg 1280w, https:\/\/www.challenge.ma\/wp-content\/uploads\/2021\/07\/Mohamed-Abdennabaoui-president-delegue-du-CSPJ-300x175.jpg 300w, https:\/\/www.challenge.ma\/wp-content\/uploads\/2021\/07\/Mohamed-Abdennabaoui-president-delegue-du-CSPJ-1024x596.jpg 1024w, https:\/\/www.challenge.ma\/wp-content\/uploads\/2021\/07\/Mohamed-Abdennabaoui-president-delegue-du-CSPJ-768x447.jpg 768w, https:\/\/www.challenge.ma\/wp-content\/uploads\/2021\/07\/Mohamed-Abdennabaoui-president-delegue-du-CSPJ-360x210.jpg 360w, https:\/\/www.challenge.ma\/wp-content\/uploads\/2021\/07\/Mohamed-Abdennabaoui-president-delegue-du-CSPJ-750x437.jpg 750w\" sizes=\"auto, (max-width: 1280px) 100vw, 1280px\" itemprop=\"image\">Lors de la pr\u00e9sente session (premi\u00e8re session de 2021), le Conseil sup\u00e9rieur du pouvoir judiciaire a rendu, \u00e0 ce jour, des d\u00e9cisions disciplinaires \u00e0 l\u2019encontre de quinze juges qui ont \u00e9t\u00e9 d\u00e9f\u00e9r\u00e9s au Conseil. Les d\u00e9cisions susmentionn\u00e9es ont \u00e9t\u00e9 rendues apr\u00e8s avoir observ\u00e9 toutes les proc\u00e9dures disciplinaires, dans le plein<\/div>\n<p>Auteur: challenge<br \/>\n<a href=\"https:\/\/www.challenge.ma\/le-conseil-superieur-du-pouvoir-judiciaire-sanctionne-13-juges-191585\/\">Cliquez ici pour lire l&rsquo;article depuis sa source.<\/a><\/p>\n","protected":false},"excerpt":{"rendered":"<p>Lors de la pr\u00e9sente session (premi\u00e8re session de 2021), le Conseil sup\u00e9rieur du pouvoir judiciaire a rendu, \u00e0 ce jour, des d\u00e9cisions disciplinaires \u00e0 l\u2019encontre de quinze juges qui ont \u00e9t\u00e9 d\u00e9f\u00e9r\u00e9s au Conseil. Les d\u00e9cisions susmentionn\u00e9es ont \u00e9t\u00e9 rendues apr\u00e8s avoir observ\u00e9 toutes les proc\u00e9dures disciplinaires, dans le plein Auteur: challenge Cliquez ici pour [&hellip;]<\/p>\n","protected":false},"author":1787,"featured_media":0,"comment_status":"closed","ping_status":"closed","sticky":false,"template":"","format":"standard","meta":{"fifu_image_url":"https:\/\/www.challenge.ma\/wp-content\/uploads\/2021\/07\/Mohamed-Abdennabaoui-president-delegue-du-CSPJ.jpg","fifu_image_alt":"Le Conseil sup\u00e9rieur du pouvoir judiciaire sanctionne 13 juges","footnotes":""},"categories":[78,54],"tags":[],"class_list":["post-120552","post","type-post","status-publish","format-standard","hentry","category-economie","category-maroc"],"_links":{"self":[{"href":"https:\/\/linitiative.ca\/International\/wp-json\/wp\/v2\/posts\/120552","targetHints":{"allow":["GET"]}}],"collection":[{"href":"https:\/\/linitiative.ca\/International\/wp-json\/wp\/v2\/posts"}],"about":[{"href":"https:\/\/linitiative.ca\/International\/wp-json\/wp\/v2\/types\/post"}],"author":[{"embeddable":true,"href":"https:\/\/linitiative.ca\/International\/wp-json\/wp\/v2\/users\/1787"}],"replies":[{"embeddable":true,"href":"https:\/\/linitiative.ca\/International\/wp-json\/wp\/v2\/comments?post=120552"}],"version-history":[{"count":0,"href":"https:\/\/linitiative.ca\/International\/wp-json\/wp\/v2\/posts\/120552\/revisions"}],"wp:attachment":[{"href":"https:\/\/linitiative.ca\/International\/wp-json\/wp\/v2\/media?parent=120552"}],"wp:term":[{"taxonomy":"category","embeddable":true,"href":"https:\/\/linitiative.ca\/International\/wp-json\/wp\/v2\/categories?post=120552"},{"taxonomy":"post_tag","embeddable":true,"href":"https:\/\/linitiative.ca\/International\/wp-json\/wp\/v2\/tags?post=120552"}],"curies":[{"name":"wp","href":"https:\/\/api.w.org\/{rel}","templated":true}]}}