{"id":120554,"date":"2021-07-06T17:13:44","date_gmt":"2021-07-06T21:13:44","guid":{"rendered":"https:\/\/linitiative.ca\/International\/du-nouveau-concernant-la-chambre-de-commerce-maroc-israel\/"},"modified":"2021-07-06T17:13:44","modified_gmt":"2021-07-06T21:13:44","slug":"du-nouveau-concernant-la-chambre-de-commerce-maroc-israel","status":"publish","type":"post","link":"https:\/\/linitiative.ca\/International\/du-nouveau-concernant-la-chambre-de-commerce-maroc-israel\/","title":{"rendered":"Du nouveau concernant la Chambre de commerce Maroc-Isra\u00ebl"},"content":{"rendered":"<div><img decoding=\"async\" width=\"750\" height=\"499\" src=\"https:\/\/linitiative.ca\/International\/wp-content\/uploads\/sites\/23\/2021\/07\/Joseph-Levy.jpg\" class=\"attachment-post-thumbnail size-post-thumbnail wp-post-image\" alt=\"\" loading=\"lazy\" srcset=\"https:\/\/linitiative.ca\/International\/wp-content\/uploads\/sites\/23\/2021\/07\/Joseph-Levy.jpg 750w, https:\/\/www.challenge.ma\/wp-content\/uploads\/2021\/07\/Joseph-Levy-300x200.jpg 300w, https:\/\/www.challenge.ma\/wp-content\/uploads\/2021\/07\/Joseph-Levy-360x240.jpg 360w\" sizes=\"auto, (max-width: 750px) 100vw, 750px\" itemprop=\"image\">C\u2019est act\u00e9. La Chambre de commerce et d\u2019industrie Maroc-Isra\u00ebl a officiellement \u00e9t\u00e9 enregistr\u00e9e. La Chambre de commerce et d\u2019industrie Maroc-Isra\u00ebl aura pour objectif de promouvoir les relations \u00e9conomiques et les investissements entre les deux pays. Elle se veut \u00eatre une plateforme regroupant les op\u00e9rateurs \u00e9conomiques fiables et p\u00e9rennes. Lire aussi<\/div>\n<p>Auteur: challenge<br \/>\n<a href=\"https:\/\/www.challenge.ma\/du-nouveau-concernant-la-chambre-de-commerce-maroc-israel-191601\/\">Cliquez ici pour lire l&rsquo;article depuis sa source.<\/a><\/p>\n","protected":false},"excerpt":{"rendered":"<p>C\u2019est act\u00e9. La Chambre de commerce et d\u2019industrie Maroc-Isra\u00ebl a officiellement \u00e9t\u00e9 enregistr\u00e9e. La Chambre de commerce et d\u2019industrie Maroc-Isra\u00ebl aura pour objectif de promouvoir les relations \u00e9conomiques et les investissements entre les deux pays. Elle se veut \u00eatre une plateforme regroupant les op\u00e9rateurs \u00e9conomiques fiables et p\u00e9rennes. Lire aussi Auteur: challenge Cliquez ici pour [&hellip;]<\/p>\n","protected":false},"author":1787,"featured_media":0,"comment_status":"closed","ping_status":"closed","sticky":false,"template":"","format":"standard","meta":{"fifu_image_url":"https:\/\/www.challenge.ma\/wp-content\/uploads\/2021\/07\/Joseph-Levy.jpg","fifu_image_alt":"Du nouveau concernant la Chambre de commerce Maroc-Isra\u00ebl","footnotes":""},"categories":[78,54],"tags":[],"class_list":["post-120554","post","type-post","status-publish","format-standard","hentry","category-economie","category-maroc"],"_links":{"self":[{"href":"https:\/\/linitiative.ca\/International\/wp-json\/wp\/v2\/posts\/120554","targetHints":{"allow":["GET"]}}],"collection":[{"href":"https:\/\/linitiative.ca\/International\/wp-json\/wp\/v2\/posts"}],"about":[{"href":"https:\/\/linitiative.ca\/International\/wp-json\/wp\/v2\/types\/post"}],"author":[{"embeddable":true,"href":"https:\/\/linitiative.ca\/International\/wp-json\/wp\/v2\/users\/1787"}],"replies":[{"embeddable":true,"href":"https:\/\/linitiative.ca\/International\/wp-json\/wp\/v2\/comments?post=120554"}],"version-history":[{"count":0,"href":"https:\/\/linitiative.ca\/International\/wp-json\/wp\/v2\/posts\/120554\/revisions"}],"wp:attachment":[{"href":"https:\/\/linitiative.ca\/International\/wp-json\/wp\/v2\/media?parent=120554"}],"wp:term":[{"taxonomy":"category","embeddable":true,"href":"https:\/\/linitiative.ca\/International\/wp-json\/wp\/v2\/categories?post=120554"},{"taxonomy":"post_tag","embeddable":true,"href":"https:\/\/linitiative.ca\/International\/wp-json\/wp\/v2\/tags?post=120554"}],"curies":[{"name":"wp","href":"https:\/\/api.w.org\/{rel}","templated":true}]}}