{"id":120556,"date":"2021-07-06T16:58:49","date_gmt":"2021-07-06T20:58:49","guid":{"rendered":"https:\/\/linitiative.ca\/International\/tunisie-coronavirus-mechichi-annonce-de-nouvelles-mesures-sanitaires\/"},"modified":"2021-07-06T16:58:49","modified_gmt":"2021-07-06T20:58:49","slug":"tunisie-coronavirus-mechichi-annonce-de-nouvelles-mesures-sanitaires","status":"publish","type":"post","link":"https:\/\/linitiative.ca\/International\/tunisie-coronavirus-mechichi-annonce-de-nouvelles-mesures-sanitaires\/","title":{"rendered":"Tunisie-Coronavirus: Mechichi annonce de nouvelles mesures sanitaires"},"content":{"rendered":"<div>\n<p>Un conseil minist\u00e9riel \u00e9troit s\u2019est tenu sous la supervision du Chef du gouvernement, Hichem Mechichi, au cours duquel un certain nombre de d\u00e9cisions ont \u00e9t\u00e9 prises pour lutter contre le Coronavirus, notamment\u00a0: Emission de 840 contrats de services suppl\u00e9mentaires pour les h\u00f4pitaux de campagne Signature d\u2019un accord pour l\u2019acquisition de 1 000 concentrateurs d\u2019oxyg\u00e8ne Signature [\u2026]<\/p>\n<p>L\u2019article <a href=\"https:\/\/www.tunisienumerique.com\/tunisie-coronavirus-mechichi-annonce-de-nouvelles-mesures-sanitaires\/\">Tunisie-Coronavirus: Mechichi annonce de nouvelles mesures sanitaires<\/a> est apparu en premier sur <a href=\"https:\/\/www.tunisienumerique.com\/\">Tunisie<\/a>.<\/p>\n<\/div>\n<p>Auteur: rania ben slimane<br \/>\n<a href=\"https:\/\/www.tunisienumerique.com\/tunisie-coronavirus-mechichi-annonce-de-nouvelles-mesures-sanitaires\/\">Cliquez ici pour lire l&rsquo;article depuis sa source.<\/a><\/p>\n","protected":false},"excerpt":{"rendered":"<p>Un conseil minist\u00e9riel \u00e9troit s\u2019est tenu sous la supervision du Chef du gouvernement, Hichem Mechichi, au cours duquel un certain nombre de d\u00e9cisions ont \u00e9t\u00e9 prises pour lutter contre le Coronavirus, notamment\u00a0: Emission de 840 contrats de services suppl\u00e9mentaires pour les h\u00f4pitaux de campagne Signature d\u2019un accord pour l\u2019acquisition de 1 000 concentrateurs d\u2019oxyg\u00e8ne Signature [&hellip;]<\/p>\n","protected":false},"author":1789,"featured_media":0,"comment_status":"closed","ping_status":"closed","sticky":false,"template":"","format":"standard","meta":{"fifu_image_url":"","fifu_image_alt":"","footnotes":""},"categories":[73,55],"tags":[],"class_list":["post-120556","post","type-post","status-publish","format-standard","hentry","category-actualite","category-tunisie"],"_links":{"self":[{"href":"https:\/\/linitiative.ca\/International\/wp-json\/wp\/v2\/posts\/120556","targetHints":{"allow":["GET"]}}],"collection":[{"href":"https:\/\/linitiative.ca\/International\/wp-json\/wp\/v2\/posts"}],"about":[{"href":"https:\/\/linitiative.ca\/International\/wp-json\/wp\/v2\/types\/post"}],"author":[{"embeddable":true,"href":"https:\/\/linitiative.ca\/International\/wp-json\/wp\/v2\/users\/1789"}],"replies":[{"embeddable":true,"href":"https:\/\/linitiative.ca\/International\/wp-json\/wp\/v2\/comments?post=120556"}],"version-history":[{"count":0,"href":"https:\/\/linitiative.ca\/International\/wp-json\/wp\/v2\/posts\/120556\/revisions"}],"wp:attachment":[{"href":"https:\/\/linitiative.ca\/International\/wp-json\/wp\/v2\/media?parent=120556"}],"wp:term":[{"taxonomy":"category","embeddable":true,"href":"https:\/\/linitiative.ca\/International\/wp-json\/wp\/v2\/categories?post=120556"},{"taxonomy":"post_tag","embeddable":true,"href":"https:\/\/linitiative.ca\/International\/wp-json\/wp\/v2\/tags?post=120556"}],"curies":[{"name":"wp","href":"https:\/\/api.w.org\/{rel}","templated":true}]}}