{"id":120557,"date":"2021-07-06T17:00:06","date_gmt":"2021-07-06T21:00:06","guid":{"rendered":"https:\/\/linitiative.ca\/International\/tunisie-sidi-bouzid-vol-de-concentrateurs-doxygene-pendant-leur-transport-vers-lunite-covid\/"},"modified":"2021-07-06T17:00:06","modified_gmt":"2021-07-06T21:00:06","slug":"tunisie-sidi-bouzid-vol-de-concentrateurs-doxygene-pendant-leur-transport-vers-lunite-covid","status":"publish","type":"post","link":"https:\/\/linitiative.ca\/International\/tunisie-sidi-bouzid-vol-de-concentrateurs-doxygene-pendant-leur-transport-vers-lunite-covid\/","title":{"rendered":"Tunisie \u2013 Sidi Bouzid\u00a0: Vol de concentrateurs d\u2019oxyg\u00e8ne pendant leur transport vers l\u2019unit\u00e9 covid"},"content":{"rendered":"<div>\n<p>Le gouverneur de Sidi Bouzid a intim\u00e9 au directeur de l\u2019h\u00f4pital r\u00e9gional de la ville d\u2019entreprendre une enqu\u00eate, et lui a donn\u00e9 un d\u00e9lai de 48 heures, pour lui pr\u00e9senter un rapport circonstanci\u00e9 concernant le vol d\u2019un nombre de concentrateurs d\u2019oxyg\u00e8ne, au cours de leur transport, \u00e0 l\u2019int\u00e9rieur de l\u2019h\u00f4pital, vers l\u2019unit\u00e9 covid, qui devait [\u2026]<\/p>\n<p>L\u2019article <a href=\"https:\/\/www.tunisienumerique.com\/tunisie-sidi-bouzid-vol-de-concentrateurs-doxygene-pendant-leur-transport-vers-lunite-covid\/\">Tunisie \u2013 Sidi Bouzid\u00a0: Vol de concentrateurs d\u2019oxyg\u00e8ne pendant leur transport vers l\u2019unit\u00e9 covid<\/a> est apparu en premier sur <a href=\"https:\/\/www.tunisienumerique.com\/\">Tunisie<\/a>.<\/p>\n<\/div>\n<p>Auteur: LM<br \/>\n<a href=\"https:\/\/www.tunisienumerique.com\/tunisie-sidi-bouzid-vol-de-concentrateurs-doxygene-pendant-leur-transport-vers-lunite-covid\/\">Cliquez ici pour lire l&rsquo;article depuis sa source.<\/a><\/p>\n","protected":false},"excerpt":{"rendered":"<p>Le gouverneur de Sidi Bouzid a intim\u00e9 au directeur de l\u2019h\u00f4pital r\u00e9gional de la ville d\u2019entreprendre une enqu\u00eate, et lui a donn\u00e9 un d\u00e9lai de 48 heures, pour lui pr\u00e9senter un rapport circonstanci\u00e9 concernant le vol d\u2019un nombre de concentrateurs d\u2019oxyg\u00e8ne, au cours de leur transport, \u00e0 l\u2019int\u00e9rieur de l\u2019h\u00f4pital, vers l\u2019unit\u00e9 covid, qui devait [&hellip;]<\/p>\n","protected":false},"author":1789,"featured_media":0,"comment_status":"closed","ping_status":"closed","sticky":false,"template":"","format":"standard","meta":{"fifu_image_url":"","fifu_image_alt":"","footnotes":""},"categories":[73,55],"tags":[],"class_list":["post-120557","post","type-post","status-publish","format-standard","hentry","category-actualite","category-tunisie"],"_links":{"self":[{"href":"https:\/\/linitiative.ca\/International\/wp-json\/wp\/v2\/posts\/120557","targetHints":{"allow":["GET"]}}],"collection":[{"href":"https:\/\/linitiative.ca\/International\/wp-json\/wp\/v2\/posts"}],"about":[{"href":"https:\/\/linitiative.ca\/International\/wp-json\/wp\/v2\/types\/post"}],"author":[{"embeddable":true,"href":"https:\/\/linitiative.ca\/International\/wp-json\/wp\/v2\/users\/1789"}],"replies":[{"embeddable":true,"href":"https:\/\/linitiative.ca\/International\/wp-json\/wp\/v2\/comments?post=120557"}],"version-history":[{"count":0,"href":"https:\/\/linitiative.ca\/International\/wp-json\/wp\/v2\/posts\/120557\/revisions"}],"wp:attachment":[{"href":"https:\/\/linitiative.ca\/International\/wp-json\/wp\/v2\/media?parent=120557"}],"wp:term":[{"taxonomy":"category","embeddable":true,"href":"https:\/\/linitiative.ca\/International\/wp-json\/wp\/v2\/categories?post=120557"},{"taxonomy":"post_tag","embeddable":true,"href":"https:\/\/linitiative.ca\/International\/wp-json\/wp\/v2\/tags?post=120557"}],"curies":[{"name":"wp","href":"https:\/\/api.w.org\/{rel}","templated":true}]}}