{"id":120559,"date":"2021-07-06T17:16:08","date_gmt":"2021-07-06T21:16:08","guid":{"rendered":"https:\/\/linitiative.ca\/International\/tunisie-bientot-la-vaccination-des-personnels-des-ports-et-aeroports\/"},"modified":"2021-07-06T17:16:08","modified_gmt":"2021-07-06T21:16:08","slug":"tunisie-bientot-la-vaccination-des-personnels-des-ports-et-aeroports","status":"publish","type":"post","link":"https:\/\/linitiative.ca\/International\/tunisie-bientot-la-vaccination-des-personnels-des-ports-et-aeroports\/","title":{"rendered":"Tunisie \u2013 Bient\u00f4t, la vaccination des personnels des ports et a\u00e9roports"},"content":{"rendered":"<div>\n<p>Le minist\u00e8re des transports et de la logistique a annonc\u00e9 qu\u2019en collaboration avec les services du minist\u00e8re de la sant\u00e9 et conform\u00e9ment aux directives du chef du gouvernement, il va \u00eatre proc\u00e9d\u00e9, dans les meilleurs d\u00e9lais, \u00e0 la vaccination contre le covid, du personnels des ports, a\u00e9roports et postes frontaliers, ainsi que du personnel op\u00e9rant [\u2026]<\/p>\n<p>L\u2019article <a href=\"https:\/\/www.tunisienumerique.com\/tunisie-bientot-la-vaccination-des-personnels-des-ports-et-aeroports\/\">Tunisie \u2013 Bient\u00f4t, la vaccination des personnels des ports et a\u00e9roports<\/a> est apparu en premier sur <a href=\"https:\/\/www.tunisienumerique.com\/\">Tunisie<\/a>.<\/p>\n<\/div>\n<p>Auteur: LM<br \/>\n<a href=\"https:\/\/www.tunisienumerique.com\/tunisie-bientot-la-vaccination-des-personnels-des-ports-et-aeroports\/\">Cliquez ici pour lire l&rsquo;article depuis sa source.<\/a><\/p>\n","protected":false},"excerpt":{"rendered":"<p>Le minist\u00e8re des transports et de la logistique a annonc\u00e9 qu\u2019en collaboration avec les services du minist\u00e8re de la sant\u00e9 et conform\u00e9ment aux directives du chef du gouvernement, il va \u00eatre proc\u00e9d\u00e9, dans les meilleurs d\u00e9lais, \u00e0 la vaccination contre le covid, du personnels des ports, a\u00e9roports et postes frontaliers, ainsi que du personnel op\u00e9rant [&hellip;]<\/p>\n","protected":false},"author":1789,"featured_media":0,"comment_status":"closed","ping_status":"closed","sticky":false,"template":"","format":"standard","meta":{"fifu_image_url":"","fifu_image_alt":"","footnotes":""},"categories":[73,55],"tags":[],"class_list":["post-120559","post","type-post","status-publish","format-standard","hentry","category-actualite","category-tunisie"],"_links":{"self":[{"href":"https:\/\/linitiative.ca\/International\/wp-json\/wp\/v2\/posts\/120559","targetHints":{"allow":["GET"]}}],"collection":[{"href":"https:\/\/linitiative.ca\/International\/wp-json\/wp\/v2\/posts"}],"about":[{"href":"https:\/\/linitiative.ca\/International\/wp-json\/wp\/v2\/types\/post"}],"author":[{"embeddable":true,"href":"https:\/\/linitiative.ca\/International\/wp-json\/wp\/v2\/users\/1789"}],"replies":[{"embeddable":true,"href":"https:\/\/linitiative.ca\/International\/wp-json\/wp\/v2\/comments?post=120559"}],"version-history":[{"count":0,"href":"https:\/\/linitiative.ca\/International\/wp-json\/wp\/v2\/posts\/120559\/revisions"}],"wp:attachment":[{"href":"https:\/\/linitiative.ca\/International\/wp-json\/wp\/v2\/media?parent=120559"}],"wp:term":[{"taxonomy":"category","embeddable":true,"href":"https:\/\/linitiative.ca\/International\/wp-json\/wp\/v2\/categories?post=120559"},{"taxonomy":"post_tag","embeddable":true,"href":"https:\/\/linitiative.ca\/International\/wp-json\/wp\/v2\/tags?post=120559"}],"curies":[{"name":"wp","href":"https:\/\/api.w.org\/{rel}","templated":true}]}}