{"id":120560,"date":"2021-07-06T17:19:15","date_gmt":"2021-07-06T21:19:15","guid":{"rendered":"https:\/\/linitiative.ca\/International\/cite-ettadhamen-couvre-feu-les-cafetiers-jouent-au-cache-cache-avec-les-forces-de-lordre\/"},"modified":"2021-07-06T17:19:15","modified_gmt":"2021-07-06T21:19:15","slug":"cite-ettadhamen-couvre-feu-les-cafetiers-jouent-au-cache-cache-avec-les-forces-de-lordre","status":"publish","type":"post","link":"https:\/\/linitiative.ca\/International\/cite-ettadhamen-couvre-feu-les-cafetiers-jouent-au-cache-cache-avec-les-forces-de-lordre\/","title":{"rendered":"Cit\u00e9 Ettadhamen-Couvre-feu : Les cafetiers jouent au cache-cache avec les forces de l\u2019ordre"},"content":{"rendered":"<div>\n<p>Dans le cadre du suivi de l\u2019application du couvre-feu \u00e0 Cit\u00e9 Ettadhamen, le correspondant de Tunisienumerique nous a transmis ce soir 06 juillet 2021, la situation depuis le quartier 105. D\u2019apr\u00e8s les s\u00e9quences, les citoyens sont point\u00e9s pr\u00e8s des caf\u00e9s populaires \u00ab ferm\u00e9s \u00bb en application des mesures du couvre-feu uniquement lors du passage des [\u2026]<\/p>\n<p>L\u2019article <a href=\"https:\/\/www.tunisienumerique.com\/cite-ettadhamen-couvre-feu-les-cafetiers-jouent-au-cache-cache-avec-les-forces-de-lordre\/\">Cit\u00e9 Ettadhamen-Couvre-feu : Les cafetiers jouent au cache-cache avec les forces de l\u2019ordre<\/a> est apparu en premier sur <a href=\"https:\/\/www.tunisienumerique.com\/\">Tunisie<\/a>.<\/p>\n<\/div>\n<p>Auteur: rania ben slimane<br \/>\n<a href=\"https:\/\/www.tunisienumerique.com\/cite-ettadhamen-couvre-feu-les-cafetiers-jouent-au-cache-cache-avec-les-forces-de-lordre\/\">Cliquez ici pour lire l&rsquo;article depuis sa source.<\/a><\/p>\n","protected":false},"excerpt":{"rendered":"<p>Dans le cadre du suivi de l\u2019application du couvre-feu \u00e0 Cit\u00e9 Ettadhamen, le correspondant de Tunisienumerique nous a transmis ce soir 06 juillet 2021, la situation depuis le quartier 105. D\u2019apr\u00e8s les s\u00e9quences, les citoyens sont point\u00e9s pr\u00e8s des caf\u00e9s populaires \u00ab ferm\u00e9s \u00bb en application des mesures du couvre-feu uniquement lors du passage des [&hellip;]<\/p>\n","protected":false},"author":1789,"featured_media":0,"comment_status":"closed","ping_status":"closed","sticky":false,"template":"","format":"standard","meta":{"fifu_image_url":"","fifu_image_alt":"","footnotes":""},"categories":[73,55],"tags":[],"class_list":["post-120560","post","type-post","status-publish","format-standard","hentry","category-actualite","category-tunisie"],"_links":{"self":[{"href":"https:\/\/linitiative.ca\/International\/wp-json\/wp\/v2\/posts\/120560","targetHints":{"allow":["GET"]}}],"collection":[{"href":"https:\/\/linitiative.ca\/International\/wp-json\/wp\/v2\/posts"}],"about":[{"href":"https:\/\/linitiative.ca\/International\/wp-json\/wp\/v2\/types\/post"}],"author":[{"embeddable":true,"href":"https:\/\/linitiative.ca\/International\/wp-json\/wp\/v2\/users\/1789"}],"replies":[{"embeddable":true,"href":"https:\/\/linitiative.ca\/International\/wp-json\/wp\/v2\/comments?post=120560"}],"version-history":[{"count":0,"href":"https:\/\/linitiative.ca\/International\/wp-json\/wp\/v2\/posts\/120560\/revisions"}],"wp:attachment":[{"href":"https:\/\/linitiative.ca\/International\/wp-json\/wp\/v2\/media?parent=120560"}],"wp:term":[{"taxonomy":"category","embeddable":true,"href":"https:\/\/linitiative.ca\/International\/wp-json\/wp\/v2\/categories?post=120560"},{"taxonomy":"post_tag","embeddable":true,"href":"https:\/\/linitiative.ca\/International\/wp-json\/wp\/v2\/tags?post=120560"}],"curies":[{"name":"wp","href":"https:\/\/api.w.org\/{rel}","templated":true}]}}