{"id":120561,"date":"2021-07-06T15:21:47","date_gmt":"2021-07-06T19:21:47","guid":{"rendered":"https:\/\/linitiative.ca\/International\/rencontre-des-groupes-armes-signataires-de-laccord-dalger-a-kidal\/"},"modified":"2021-07-06T15:21:47","modified_gmt":"2021-07-06T19:21:47","slug":"rencontre-des-groupes-armes-signataires-de-laccord-dalger-a-kidal","status":"publish","type":"post","link":"https:\/\/linitiative.ca\/International\/rencontre-des-groupes-armes-signataires-de-laccord-dalger-a-kidal\/","title":{"rendered":"RENCONTRE DES GROUPES ARMES SIGNATAIRES DE L\u2019ACCORD D\u2019ALGER A KIDAL"},"content":{"rendered":"<div>\n<p><img decoding=\"async\" width=\"340\" height=\"191\" src=\"https:\/\/linitiative.ca\/International\/wp-content\/uploads\/sites\/23\/2021\/07\/ACCORD-D-ALGER-1.jpg\" class=\"attachment- size- wp-post-image\" alt=\"\" loading=\"lazy\" style=\"float:left; margin:0 15px 15px 0;\" srcset=\"https:\/\/linitiative.ca\/International\/wp-content\/uploads\/sites\/23\/2021\/07\/ACCORD-D-ALGER-1.jpg 340w, https:\/\/lepays.bf\/wp-content\/uploads\/2021\/07\/ACCORD-D-ALGER-1-300x169.jpg 300w\" sizes=\"auto, (max-width: 340px) 100vw, 340px\">Trois mois apr\u00e8s sa mise en place par les groupes arm\u00e9s signataires de l\u2019accord de paix d\u2019Alger, le Cadre strat\u00e9gique permanent (CPS) s\u2019est r\u00e9uni, le week-end dernier, \u00e0 Kidal, ville longtemps rest\u00e9e inaccessible aux autorit\u00e9s de Bamako, avant de rentrer dans la R\u00e9publique. Avec cette rencontre qui a permis \u00e0 cinq ministres maliens dont celui \u2026<\/p>\n<p>L\u2019article <a rel=\"nofollow\" href=\"https:\/\/lepays.bf\/rencontre-des-groupes-armes-signataires-de-laccord-dalger-a-kidal-2\/\">RENCONTRE DES GROUPES ARMES SIGNATAIRES DE L\u2019ACCORD D\u2019ALGER A KIDAL<\/a> est apparu en premier sur <a rel=\"nofollow\" href=\"https:\/\/lepays.bf\/\">Editions Le Pays<\/a>.<\/p>\n<\/div>\n<p>Auteur: Editions LEPAYS<br \/>\n<a href=\"https:\/\/lepays.bf\/rencontre-des-groupes-armes-signataires-de-laccord-dalger-a-kidal-2\/\">Cliquez ici pour lire l&rsquo;article depuis sa source.<\/a><\/p>\n","protected":false},"excerpt":{"rendered":"<p>Trois mois apr\u00e8s sa mise en place par les groupes arm\u00e9s signataires de l\u2019accord de paix d\u2019Alger, le Cadre strat\u00e9gique permanent (CPS) s\u2019est r\u00e9uni, le week-end dernier, \u00e0 Kidal, ville longtemps rest\u00e9e inaccessible aux autorit\u00e9s de Bamako, avant de rentrer dans la R\u00e9publique. Avec cette rencontre qui a permis \u00e0 cinq ministres maliens dont celui [&hellip;]<\/p>\n","protected":false},"author":1813,"featured_media":0,"comment_status":"closed","ping_status":"closed","sticky":false,"template":"","format":"standard","meta":{"fifu_image_url":"https:\/\/lepays.bf\/wp-content\/uploads\/2021\/07\/ACCORD-D-ALGER-1.jpg","fifu_image_alt":"RENCONTRE DES GROUPES ARMES SIGNATAIRES DE L\u2019ACCORD D\u2019ALGER A KIDAL","footnotes":""},"categories":[73,81],"tags":[],"class_list":["post-120561","post","type-post","status-publish","format-standard","hentry","category-actualite","category-burkina-faso"],"_links":{"self":[{"href":"https:\/\/linitiative.ca\/International\/wp-json\/wp\/v2\/posts\/120561","targetHints":{"allow":["GET"]}}],"collection":[{"href":"https:\/\/linitiative.ca\/International\/wp-json\/wp\/v2\/posts"}],"about":[{"href":"https:\/\/linitiative.ca\/International\/wp-json\/wp\/v2\/types\/post"}],"author":[{"embeddable":true,"href":"https:\/\/linitiative.ca\/International\/wp-json\/wp\/v2\/users\/1813"}],"replies":[{"embeddable":true,"href":"https:\/\/linitiative.ca\/International\/wp-json\/wp\/v2\/comments?post=120561"}],"version-history":[{"count":0,"href":"https:\/\/linitiative.ca\/International\/wp-json\/wp\/v2\/posts\/120561\/revisions"}],"wp:attachment":[{"href":"https:\/\/linitiative.ca\/International\/wp-json\/wp\/v2\/media?parent=120561"}],"wp:term":[{"taxonomy":"category","embeddable":true,"href":"https:\/\/linitiative.ca\/International\/wp-json\/wp\/v2\/categories?post=120561"},{"taxonomy":"post_tag","embeddable":true,"href":"https:\/\/linitiative.ca\/International\/wp-json\/wp\/v2\/tags?post=120561"}],"curies":[{"name":"wp","href":"https:\/\/api.w.org\/{rel}","templated":true}]}}