{"id":120565,"date":"2021-07-06T12:41:51","date_gmt":"2021-07-06T16:41:51","guid":{"rendered":"https:\/\/linitiative.ca\/International\/cooperation-burkina-chine-laxe-ouaga-pekin-est-tres-dynamique-ambassadeur-adama-compaore\/"},"modified":"2021-07-06T12:41:51","modified_gmt":"2021-07-06T16:41:51","slug":"cooperation-burkina-chine-laxe-ouaga-pekin-est-tres-dynamique-ambassadeur-adama-compaore","status":"publish","type":"post","link":"https:\/\/linitiative.ca\/International\/cooperation-burkina-chine-laxe-ouaga-pekin-est-tres-dynamique-ambassadeur-adama-compaore\/","title":{"rendered":"Coop\u00e9ration Burkina-Chine : \u00ab\u00a0L\u2019axe Ouaga-P\u00e9kin est tr\u00e8s dynamique\u00a0\u00bb, Ambassadeur Adama Compaor\u00e9"},"content":{"rendered":"<div>\n<p><strong>L\u2019ambassade du Burkina Faso en Chine a c\u00e9l\u00e9br\u00e9 les trois de la reprise des relations diplomatiques le vendredi 25 2021, \u00e0 P\u00e9kin, la capitale, sous le signe d\u2019un dynamisme prometteur.<\/strong><\/p>\n<p>Le Burkina Faso et la r\u00e9publique populaire de Chine ont officiellement repris leur coop\u00e9ration bilat\u00e9rale le 26 mai 2018. L\u2019ambassade du pays des Hommes int\u00e8gres en Chine a marqu\u00e9 le troisi\u00e8me anniversaire des retrouvailles entre les deux pays amis dans la capitale, P\u00e9kin, le vendredi 25 juin 2021. Au cours d\u2019une c\u00e9r\u00e9monie solennelle, en pr\u00e9sence de diplomates, d\u2019hommes d\u2019affaires, d\u2019amis du Burkina Faso, de Burkinab\u00e8 et d\u2019autorit\u00e9s chinoises, l\u2019ambassadeur du Burkina Faso en Chine, Adama Compaor\u00e9, a salu\u00e9 la qualit\u00e9 des relations bilat\u00e9rales depuis la reprise en 2018. A l\u2019entendre l\u2019axe Ouaga-P\u00e9kin connait un dynamisme gr\u00e2ce au leadership du pr\u00e9sident du Faso, Roch Marc Christian Kabor\u00e9, et de son homologue chinois, Xi Jinping. Selon lui, la coop\u00e9ration bilat\u00e9rale a enregistr\u00e9 des succ\u00e8s dans les domaines de la sant\u00e9, de l\u2019\u00e9ducation, de la formation professionnelle, de l\u2019agriculture, de la culture et de la s\u00e9curit\u00e9.<img decoding=\"async\" loading=\"lazy\" class=\"alignleft  wp-image-37312\" src=\"https:\/\/linitiative.ca\/International\/wp-content\/uploads\/sites\/23\/2021\/07\/1-12.jpg\" alt=\"\" width=\"494\" height=\"339\" srcset=\"https:\/\/linitiative.ca\/International\/wp-content\/uploads\/sites\/23\/2021\/07\/1-12.jpg 875w, https:\/\/www.sidwaya.info\/wp-content\/uploads\/2021\/07\/1-12-300x206.jpg 300w, https:\/\/www.sidwaya.info\/wp-content\/uploads\/2021\/07\/1-12-768x527.jpg 768w, https:\/\/www.sidwaya.info\/wp-content\/uploads\/2021\/07\/1-12-150x103.jpg 150w, https:\/\/www.sidwaya.info\/wp-content\/uploads\/2021\/07\/1-12-218x150.jpg 218w, https:\/\/www.sidwaya.info\/wp-content\/uploads\/2021\/07\/1-12-696x477.jpg 696w, https:\/\/www.sidwaya.info\/wp-content\/uploads\/2021\/07\/1-12-613x420.jpg 613w, https:\/\/www.sidwaya.info\/wp-content\/uploads\/2021\/07\/1-12-100x70.jpg 100w\" sizes=\"auto, (max-width: 494px) 100vw, 494px\"> <em>\u00ab Au cours de ces trois ann\u00e9es, les rapports entre nos deux pays ont connu un d\u00e9veloppement soutenu, gr\u00e2ce \u00e0 l\u2019approfondissement de la confiance politique r\u00e9ciproque, \u00e0 la diversit\u00e9 des domaines de coop\u00e9ration et au soutien mutuel dans les affaires internationales. Le chemin que nous avons parcouru a \u00e9t\u00e9 tr\u00e8s b\u00e9n\u00e9fique pour nos peuples\u00a0\u00bb<\/em>, a d\u00e9clar\u00e9 le diplomate burkinab\u00e8. De son avis, les \u00e9changes \u00e9conomiques et commerciaux ont connu une progression significative. Avec l\u2019op\u00e9rationnalisation en 2020 du m\u00e9canisme d\u2019exon\u00e9ration de frais de douane pour 97% des produits burkinab\u00e8 en exportation vers la Chine, a-t-il confi\u00e9, le volume des \u00e9changes entre le deux pays a connu une hausse de pr\u00e8s de 25% l\u2019an dernier. <em>\u00ab\u00a0Il pourrait atteindre des chiffres records au cours des prochaines ann\u00e9es. Notre coop\u00e9ration militaire, culturelle et \u00e9ducative n\u2019a pas \u00e9t\u00e9 en reste au cours de ces trois ann\u00e9es\u00a0\u00bb,<\/em> a indiqu\u00e9 l\u2019ambassadeur Adama Compaor\u00e9.<\/p>\n<p><strong><em>\u00ab\u00a0Un climat de confiance\u00a0\u00bb<\/em><\/strong><\/p>\n<p>Il a rappel\u00e9 qu\u2019en d\u00e9pit d\u2019un contexte difficile marqu\u00e9 par la pand\u00e9mie de la Covid-19, la coop\u00e9ration entre la Chine et le Burkina Faso est rest\u00e9e constante dans la poursuite de la mise en \u0153uvre des projets de d\u00e9veloppement. <em>\u00ab Au niveau de la repr\u00e9sentation diplomatique du Burkina Faso \u00e0 P\u00e9kin, nous avons, de fa\u00e7on solidaire avec les autorit\u00e9s chinoises, rassur\u00e9 nos compatriotes vivant ici, et men\u00e9 des actions de consolidation de notre coop\u00e9ration. Le dynamisme de nos relations a permis de cr\u00e9er un climat de confiance et d\u2019adh\u00e9sion des organismes publics et priv\u00e9s chinois au processus enclench\u00e9 depuis mai 2018, en t\u00e9moigne la pr\u00e9sence de nombreux chefs d\u2019entreprises et d\u2019organisations \u00e0 cette c\u00e9r\u00e9monie \u00bb<\/em>, a argu\u00e9 M. Compaor\u00e9. \u00a0Face au d\u00e9fi s\u00e9curitaire qu\u2019affrontent le Burkina Faso et les pays du G5 Sahel, l\u2019ambassadeur a appel\u00e9 \u00e0 plus de solidarit\u00e9 internationale. Il a lou\u00e9 les\u00a0<em>\u00ab\u00a0efforts importants\u00a0\u00bb<\/em> consentis par le gouvernement chinois pour aider les pays du G5 Sahel dans cette lutte et souhait\u00e9 plus d\u2019engagement de la Chine.<\/p>\n<p><img decoding=\"async\" loading=\"lazy\" class=\"alignleft size-full wp-image-37310\" src=\"https:\/\/linitiative.ca\/International\/wp-content\/uploads\/sites\/23\/2021\/07\/3-2.jpg\" alt=\"\" width=\"880\" height=\"503\" srcset=\"https:\/\/linitiative.ca\/International\/wp-content\/uploads\/sites\/23\/2021\/07\/3-2.jpg 880w, https:\/\/www.sidwaya.info\/wp-content\/uploads\/2021\/07\/3-2-300x171.jpg 300w, https:\/\/www.sidwaya.info\/wp-content\/uploads\/2021\/07\/3-2-768x439.jpg 768w, https:\/\/www.sidwaya.info\/wp-content\/uploads\/2021\/07\/3-2-150x86.jpg 150w, https:\/\/www.sidwaya.info\/wp-content\/uploads\/2021\/07\/3-2-696x398.jpg 696w, https:\/\/www.sidwaya.info\/wp-content\/uploads\/2021\/07\/3-2-735x420.jpg 735w\" sizes=\"auto, (max-width: 880px) 100vw, 880px\">L\u2019ambassadeur a laiss\u00e9 entendre que les perspectives qui s\u2019annoncent sont int\u00e9ressantes au regard des initiatives prises par les deux gouvernements \u00e0 travers les r\u00e9centes consultations bilat\u00e9rales, en vue de l\u2019\u00e9laboration d\u2019un nouveau r\u00e9f\u00e9rentiel plus ambitieux et couvrant des domaines vastes et appropri\u00e9s pour le d\u00e9veloppement du Burkina Faso. <em>\u00ab\u00a0Je mesure l\u2019immensit\u00e9 de l\u2019int\u00e9r\u00eat qu\u2019attachent les plus hautes autorit\u00e9s chinoises et burkinab\u00e8 aux relations sino-burkinab\u00e9. C\u2019est pourquoi l\u2019ambassade du Burkina Faso entend travailler de concert avec les autorit\u00e9s chinoises et l\u2019ensemble des structures disponibles pour promouvoir davantage les \u00e9changes et la coop\u00e9ration entre nos deux pays \u00bb<\/em>, a-t-il soulign\u00e9. Il s\u2019est \u00e9galement r\u00e9joui de la relation de confiance qui s\u2019est \u00e9tablie entre le Mouvement du peuple pour le progr\u00e8s (MPP), le parti au pouvoir et le Parti communiste chinois (PCC). En trois ans, a-t-il dit, les deux partis ont su construire une <em>\u00ab\u00a0base solide de coop\u00e9ration \u00e0 travers des \u00e9changes d\u2019exp\u00e9riences enrichissants\u00a0\u00bb<\/em>. La c\u00e9r\u00e9monie, s\u2019\u00e9tant d\u00e9roul\u00e9e dans le contexte de la c\u00e9l\u00e9bration du centenaire du PCC, le diplomate burkinab\u00e8 a saisi l\u2019occasion pour formuler ses vives f\u00e9licitations au Gouvernement chinois, aux dirigeants du PCC et au peuple chinois pour le glorieux parcours effectu\u00e9 dans la voie du d\u00e9veloppement. <img decoding=\"async\" loading=\"lazy\" class=\"alignleft  wp-image-37311\" src=\"https:\/\/linitiative.ca\/International\/wp-content\/uploads\/sites\/23\/2021\/07\/DSC02372.jpg\" alt=\"\" width=\"554\" height=\"412\" srcset=\"https:\/\/linitiative.ca\/International\/wp-content\/uploads\/sites\/23\/2021\/07\/DSC02372.jpg 787w, https:\/\/www.sidwaya.info\/wp-content\/uploads\/2021\/07\/DSC02372-300x223.jpg 300w, https:\/\/www.sidwaya.info\/wp-content\/uploads\/2021\/07\/DSC02372-768x572.jpg 768w, https:\/\/www.sidwaya.info\/wp-content\/uploads\/2021\/07\/DSC02372-150x112.jpg 150w, https:\/\/www.sidwaya.info\/wp-content\/uploads\/2021\/07\/DSC02372-485x360.jpg 485w, https:\/\/www.sidwaya.info\/wp-content\/uploads\/2021\/07\/DSC02372-696x518.jpg 696w, https:\/\/www.sidwaya.info\/wp-content\/uploads\/2021\/07\/DSC02372-564x420.jpg 564w, https:\/\/www.sidwaya.info\/wp-content\/uploads\/2021\/07\/DSC02372-80x60.jpg 80w, https:\/\/www.sidwaya.info\/wp-content\/uploads\/2021\/07\/DSC02372-265x198.jpg 265w\" sizes=\"auto, (max-width: 554px) 100vw, 554px\"> M. Compaor\u00e9 a f\u00e9licit\u00e9 les deux ministres des Affaires \u00e9trang\u00e8res burkinab\u00e8 et chinois, Alpha Barry et Wang Yi, pour les efforts consentis par dans la <em>\u00ab\u00a0conduite harmonieuse\u00a0\u00bb<\/em> de la coop\u00e9ration bilat\u00e9rale. Sur la m\u00eame lanc\u00e9e, les autorit\u00e9s chinoises, pr\u00e9sentes \u00e0 la c\u00e9r\u00e9monie, ont \u00e9mis le v\u0153u que les liens se raffermissent davantage entre les peuples chinois et burkinab\u00e8 pour le bonheur de tous.<\/p>\n<p style=\"text-align: right\"><strong>Une synth\u00e8se de<\/strong><\/p>\n<p style=\"text-align: right\"><strong>\u00a0Karim BADOLO<\/strong><\/p>\n<p>L\u2019article <a rel=\"nofollow\" href=\"https:\/\/www.sidwaya.info\/blog\/2021\/07\/06\/cooperation-burkina-chine-laxe-ouaga-pekin-est-tres-dynamique-ambassadeur-adama-compaore\/\">Coop\u00e9ration Burkina-Chine : \u00ab\u00a0L\u2019axe Ouaga-P\u00e9kin est tr\u00e8s dynamique\u00a0\u00bb, Ambassadeur Adama Compaor\u00e9<\/a> est apparu en premier sur <a rel=\"nofollow\" href=\"https:\/\/www.sidwaya.info\/\">Quotidien Sidwaya<\/a>.<\/p>\n<\/div>\n<p>Auteur: BS. Sidwaya<br \/>\n<a href=\"https:\/\/www.sidwaya.info\/blog\/2021\/07\/06\/cooperation-burkina-chine-laxe-ouaga-pekin-est-tres-dynamique-ambassadeur-adama-compaore\/\">Cliquez ici pour lire l&rsquo;article depuis sa source.<\/a><\/p>\n","protected":false},"excerpt":{"rendered":"<p>L\u2019ambassade du Burkina Faso en Chine a c\u00e9l\u00e9br\u00e9 les trois de la reprise des relations diplomatiques le vendredi 25 2021, \u00e0 P\u00e9kin, la capitale, sous le signe d\u2019un dynamisme prometteur. Le Burkina Faso et la r\u00e9publique populaire de Chine ont officiellement repris leur coop\u00e9ration bilat\u00e9rale le 26 mai 2018. L\u2019ambassade du pays des Hommes int\u00e8gres [&hellip;]<\/p>\n","protected":false},"author":1816,"featured_media":0,"comment_status":"closed","ping_status":"closed","sticky":false,"template":"","format":"standard","meta":{"fifu_image_url":"https:\/\/www.sidwaya.info\/wp-content\/uploads\/2021\/07\/1-12.jpg","fifu_image_alt":"Coop\u00e9ration Burkina-Chine : \u00ab\u00a0L\u2019axe Ouaga-P\u00e9kin est tr\u00e8s dynamique\u00a0\u00bb, Ambassadeur Adama Compaor\u00e9","footnotes":""},"categories":[73,81],"tags":[],"class_list":["post-120565","post","type-post","status-publish","format-standard","hentry","category-actualite","category-burkina-faso"],"_links":{"self":[{"href":"https:\/\/linitiative.ca\/International\/wp-json\/wp\/v2\/posts\/120565","targetHints":{"allow":["GET"]}}],"collection":[{"href":"https:\/\/linitiative.ca\/International\/wp-json\/wp\/v2\/posts"}],"about":[{"href":"https:\/\/linitiative.ca\/International\/wp-json\/wp\/v2\/types\/post"}],"author":[{"embeddable":true,"href":"https:\/\/linitiative.ca\/International\/wp-json\/wp\/v2\/users\/1816"}],"replies":[{"embeddable":true,"href":"https:\/\/linitiative.ca\/International\/wp-json\/wp\/v2\/comments?post=120565"}],"version-history":[{"count":0,"href":"https:\/\/linitiative.ca\/International\/wp-json\/wp\/v2\/posts\/120565\/revisions"}],"wp:attachment":[{"href":"https:\/\/linitiative.ca\/International\/wp-json\/wp\/v2\/media?parent=120565"}],"wp:term":[{"taxonomy":"category","embeddable":true,"href":"https:\/\/linitiative.ca\/International\/wp-json\/wp\/v2\/categories?post=120565"},{"taxonomy":"post_tag","embeddable":true,"href":"https:\/\/linitiative.ca\/International\/wp-json\/wp\/v2\/tags?post=120565"}],"curies":[{"name":"wp","href":"https:\/\/api.w.org\/{rel}","templated":true}]}}