{"id":120570,"date":"2021-07-06T17:34:29","date_gmt":"2021-07-06T21:34:29","guid":{"rendered":"https:\/\/linitiative.ca\/International\/projets-du-ministere-des-infrastructures-des-performances-en-baisse\/"},"modified":"2021-07-06T17:34:29","modified_gmt":"2021-07-06T21:34:29","slug":"projets-du-ministere-des-infrastructures-des-performances-en-baisse","status":"publish","type":"post","link":"https:\/\/linitiative.ca\/International\/projets-du-ministere-des-infrastructures-des-performances-en-baisse\/","title":{"rendered":"Projets du minist\u00e8re des Infrastructures : des performances en baisse"},"content":{"rendered":"<div>\n<p><strong>Dans le cadre de l\u2019\u00e9valuation des projets et programmes du secteur de planification : \u00ab Infrastructures de transport, de communication et d\u2019habitat (ITCH) \u00bb sur l\u2019exercice 2019-2020, le minist\u00e8re des Infrastructures et du D\u00e9senclavement a organis\u00e9, le mardi 6 juillet 2021 \u00e0 Ouagadougou, la revue de l\u2019assembl\u00e9e sectorielle autour de 25 projets \u00e9valu\u00e9s.<\/strong><\/p>\n<figure id=\"attachment_37322\" aria-describedby=\"caption-attachment-37322\" style=\"width: 300px\" class=\"wp-caption alignright\"><img decoding=\"async\" loading=\"lazy\" class=\"wp-image-37322 size-medium\" src=\"https:\/\/linitiative.ca\/International\/wp-content\/uploads\/sites\/23\/2021\/07\/2-7-300x203-1.jpg\" alt=\"\" width=\"300\" height=\"203\" srcset=\"https:\/\/linitiative.ca\/International\/wp-content\/uploads\/sites\/23\/2021\/07\/2-7-300x203-1.jpg 300w, https:\/\/www.sidwaya.info\/wp-content\/uploads\/2021\/07\/2-7-150x102.jpg 150w, https:\/\/www.sidwaya.info\/wp-content\/uploads\/2021\/07\/2-7.jpg 595w\" sizes=\"auto, (max-width: 300px) 100vw, 300px\"><figcaption id=\"caption-attachment-37322\" class=\"wp-caption-text\">Certaines r\u00e9alisations en lien avec la voirie ont \u00e9t\u00e9 bien men\u00e9es.<\/figcaption><\/figure>\n<p>Les projets et programmes de d\u00e9veloppement du secteur de planification \u00abInfrastructures de transport, de communication et d\u2019habitat (ITCH) \u00bb ont connu une performance moyenne avec une note globale de 29,38\/50 en baisse comparativement \u00e0 l\u2019\u00e9valuation de l\u2019exercice 2017-2018 qui \u00e9tait de 32,63\/50. C\u2019est ce qui est ressorti de l\u2019assembl\u00e9e sectorielle d\u2019\u00e9valuation des projets et programmes du secteur de planification exercice 2019-2020 tenue, le mardi 6 juillet 2021, \u00e0 Ouagadougou. Au total, ce sont 25 projets et programmes qui ont \u00e9t\u00e9 d\u00e9cortiqu\u00e9s par le comit\u00e9 d\u2019\u00e9valuation qui a fait ressortir diff\u00e9rentes situations par programme et projet. En effet, sur la base de crit\u00e8res sp\u00e9cifiques, l\u2019\u00e9valuation de six projets ont \u00e9t\u00e9 class\u00e9s au 1er rang (projets au vert) traduisant ainsi un risque minime de non atteinte des objectifs. Neuf autres au 2e rang (projets orange) qui traduit un risque mod\u00e9r\u00e9 de non atteinte des objectifs et dix projets au 3e rang (projet au rouge) qui pr\u00e9sentent tous les risques de non atteinte des objectifs. Ces derniers sont parfois \u00e0 l\u2019arr\u00eat ou plong\u00e9s dans une inactivit\u00e9 li\u00e9e \u00e0 divers facteurs. Pour le Secr\u00e9taire g\u00e9n\u00e9ral (SG) du minist\u00e8re des Infrastructures et du D\u00e9senclavement, Ollo Franck Herv\u00e9 Kansi\u00e9, ces projets et programmes s\u2019inscrivent en droite ligne de la politique sectorielle ITCH qui couvre la p\u00e9riode 2018-2027 avec pour objectif le d\u00e9veloppement durable et r\u00e9silient des secteurs de Transport, de la Communication et de l\u2019Habitat en vue d\u2019am\u00e9liorer leur accessibilit\u00e9 \u00e0 toutes les couches socio-professionnelles et partant de favoriser la transformation structurelle de l\u2019\u00e9conomie nationale.<\/p>\n<p>Il a pr\u00e9cis\u00e9 que c\u2019est dans le cadre de la recherche de l\u2019efficacit\u00e9 dans la gestion des projets et programmes qu\u2019il a \u00e9t\u00e9 institu\u00e9 au niveau national l\u2019\u00e9valuation biennale des performances des projets et programmes de d\u00e9veloppement par secteur de planification. \u00abCette d\u00e9marche r\u00e9trospective qui consiste \u00e0 analyser et examiner nos projets et programmes permet d\u2019am\u00e9liorer la mise en \u0153uvre des projets de d\u00e9veloppement au b\u00e9n\u00e9fice des populations et de rendre plus visibles leurs effets et impacts sur le d\u00e9veloppement\u00bb, a d\u00e9clar\u00e9 M. Kansi\u00e9. Mais au regard des insuffisances et contraintes dans la mise en \u0153uvre de certains projets et programmes, le SG a souhait\u00e9 que des solutions idoines soient trouv\u00e9es. \u00abBeaucoup d\u2019efforts restent \u00e0 faire pour am\u00e9liorer la performance de notre secteur\u00bb, a-t-il reconnu.<\/p>\n<p>Il a alors exhort\u00e9 les participants \u00e0 faire une analyse sans complaisance des forces et faiblesses, relever les menaces et recenser les opportunit\u00e9s \u00e0 la lumi\u00e8re des r\u00e9sultats de l\u2019\u00e9valuation en vue d\u2019utiliser les forces et opportunit\u00e9s pour relever les faiblesses et juguler les menaces. \u00ab Je vous invite \u00e0 faire des propositions de mesures \u00e0 m\u00eame d\u2019accro\u00eetre les performances de nos projets et programmes \u00bb, a exhort\u00e9 Ollo Franck Herv\u00e9 Kansi\u00e9. La pr\u00e9sentation par PowerPoint du rapport d\u2019\u00e9valuation des projets et programmes de l\u2019exercice 2019-2020 par la directrice g\u00e9n\u00e9rale des \u00e9tudes et des statistiques du minist\u00e8re en charge des infrastructures, Sonia Kabor\u00e9, a permis aux participants de cerner les crit\u00e8res de performance, de bonne gouvernance et d\u2019efficacit\u00e9 des projets.<\/p>\n<p style=\"text-align: right\"><strong>Wanl\u00e9 G\u00e9rard COULIBALY<\/strong><br \/>\n<strong>Wahabou OUBDA (Stagiaire)<\/strong><\/p>\n<p>L\u2019article <a rel=\"nofollow\" href=\"https:\/\/www.sidwaya.info\/blog\/2021\/07\/06\/projets-du-ministere-des-infrastructures-des-performances-en-baisse\/\">Projets du minist\u00e8re des Infrastructures : des performances en baisse<\/a> est apparu en premier sur <a rel=\"nofollow\" href=\"https:\/\/www.sidwaya.info\/\">Quotidien Sidwaya<\/a>.<\/p>\n<\/div>\n<p>Auteur: JK. Sidwaya<br \/>\n<a href=\"https:\/\/www.sidwaya.info\/blog\/2021\/07\/06\/projets-du-ministere-des-infrastructures-des-performances-en-baisse\/\">Cliquez ici pour lire l&rsquo;article depuis sa source.<\/a><\/p>\n","protected":false},"excerpt":{"rendered":"<p>Dans le cadre de l\u2019\u00e9valuation des projets et programmes du secteur de planification : \u00ab Infrastructures de transport, de communication et d\u2019habitat (ITCH) \u00bb sur l\u2019exercice 2019-2020, le minist\u00e8re des Infrastructures et du D\u00e9senclavement a organis\u00e9, le mardi 6 juillet 2021 \u00e0 Ouagadougou, la revue de l\u2019assembl\u00e9e sectorielle autour de 25 projets \u00e9valu\u00e9s. Certaines r\u00e9alisations [&hellip;]<\/p>\n","protected":false},"author":1816,"featured_media":0,"comment_status":"closed","ping_status":"closed","sticky":false,"template":"","format":"standard","meta":{"fifu_image_url":"https:\/\/www.sidwaya.info\/wp-content\/uploads\/2021\/07\/2-7-300x203.jpg","fifu_image_alt":"Projets du minist\u00e8re des Infrastructures : des performances en baisse","footnotes":""},"categories":[73,81],"tags":[],"class_list":["post-120570","post","type-post","status-publish","format-standard","hentry","category-actualite","category-burkina-faso"],"_links":{"self":[{"href":"https:\/\/linitiative.ca\/International\/wp-json\/wp\/v2\/posts\/120570","targetHints":{"allow":["GET"]}}],"collection":[{"href":"https:\/\/linitiative.ca\/International\/wp-json\/wp\/v2\/posts"}],"about":[{"href":"https:\/\/linitiative.ca\/International\/wp-json\/wp\/v2\/types\/post"}],"author":[{"embeddable":true,"href":"https:\/\/linitiative.ca\/International\/wp-json\/wp\/v2\/users\/1816"}],"replies":[{"embeddable":true,"href":"https:\/\/linitiative.ca\/International\/wp-json\/wp\/v2\/comments?post=120570"}],"version-history":[{"count":0,"href":"https:\/\/linitiative.ca\/International\/wp-json\/wp\/v2\/posts\/120570\/revisions"}],"wp:attachment":[{"href":"https:\/\/linitiative.ca\/International\/wp-json\/wp\/v2\/media?parent=120570"}],"wp:term":[{"taxonomy":"category","embeddable":true,"href":"https:\/\/linitiative.ca\/International\/wp-json\/wp\/v2\/categories?post=120570"},{"taxonomy":"post_tag","embeddable":true,"href":"https:\/\/linitiative.ca\/International\/wp-json\/wp\/v2\/tags?post=120570"}],"curies":[{"name":"wp","href":"https:\/\/api.w.org\/{rel}","templated":true}]}}