{"id":120572,"date":"2021-07-06T13:18:03","date_gmt":"2021-07-06T17:18:03","guid":{"rendered":"https:\/\/linitiative.ca\/International\/lethiopie-va-reduire-de-moitie-ses-missions-diplomatiques\/"},"modified":"2021-07-06T13:18:03","modified_gmt":"2021-07-06T17:18:03","slug":"lethiopie-va-reduire-de-moitie-ses-missions-diplomatiques","status":"publish","type":"post","link":"https:\/\/linitiative.ca\/International\/lethiopie-va-reduire-de-moitie-ses-missions-diplomatiques\/","title":{"rendered":"L\u2019Ethiopie va r\u00e9duire de moiti\u00e9 ses missions diplomatiques"},"content":{"rendered":"<div>\n<p><img loading=\"lazy\" decoding=\"async\" width=\"250\" height=\"200\" src=\"https:\/\/linitiative.ca\/International\/wp-content\/uploads\/sites\/23\/2021\/07\/16255918832947.jpg\" class=\"attachment-post-thumbnail size-post-thumbnail wp-post-image\" alt=\"\"><\/p>\n<p>L&rsquo;Ethiopie a annonc\u00e9 son intention de fermer plus de 30 de ses missions diplomatiques \u00e0 travers le monde.S&rsquo;adressant au Parlement, hier lundi, le Premier ministre Abiy Ahmed a d\u00e9clar\u00e9 que la fermeture de ces missions diplomatiques visait \u00e0 r\u00e9duire les d\u00e9penses publiques.<\/p>\n<p>Il a fait allusion \u00e0 l&rsquo;\u00e9l\u00e9vation du niveau des missions d\u00e9volues aux diplomates, ce qui signifie que les personnes nomm\u00e9es \u00e0 ces postes pour des raisons politiques n&rsquo;auront plus leur place dans ces missions.<\/p>\n<p>L&rsquo;Ethiopie compte plus de 60 missions diplomatiques dans le monde. Cette mesure doit \u00eatre appliqu\u00e9e apr\u00e8s septembre 2021, d\u00e8s que le nouveau gouvernement aura pr\u00eat\u00e9 serment. Aucune indication n&rsquo;a \u00e9t\u00e9 donn\u00e9e quant aux missions qui seront ferm\u00e9es.<\/p>\n<p>Dans les m\u00e9dias sociaux, les Ethiopiens appellent \u00e0 la fermeture de l&rsquo;ambassade d&rsquo;Ethiopie en Irlande. En tant que membre non permanent du Conseil de s\u00e9curit\u00e9 des Nations unies, l&rsquo;Irlande a entam\u00e9 plusieurs discussions pour exercer une pression diplomatique et politique sur l&rsquo;Ethiopie en rapport avec la situation dans la r\u00e9gion du Tigr\u00e9<\/p>\n<p>Des all\u00e9gations de g\u00e9nocide et de famine ont \u00e9t\u00e9 formul\u00e9es dans la r\u00e9gion. Le gouvernement \u00e9thiopien a rejet\u00e9 ces all\u00e9gations de g\u00e9nocide et a facilit\u00e9 une enqu\u00eate par des groupes humanitaires. En termes d&rsquo;aide humanitaire, le gouvernement a d\u00e9pens\u00e9 plus de 100 milliards de birr \u00e9thiopiens (environ 2,5 milliards de dollars) en l&rsquo;espace de huit mois, selon les informations fournies par les organismes gouvernementaux concern\u00e9s.<\/p>\n<p>Outre l&rsquo;Irlande, le ministre finlandais des Affaires \u00e9trang\u00e8res, Haavisto, a men\u00e9 ce que de nombreux Ethiopiens consid\u00e8rent comme \u00e9tant une campagne contre l&rsquo;Ethiopie.<\/p>\n<p>Lors d&rsquo;une audience tenue le mois dernier par l&rsquo;Union europ\u00e9enne, il a affirm\u00e9 que les autorit\u00e9s \u00e9thiopiennes lui avaient dit, alors qu&rsquo;il \u00e9tait en visite dans ce pays de la Corne de l&rsquo;Afrique, en tant qu&rsquo;Envoy\u00e9 sp\u00e9cial de l&rsquo;UE, qu&rsquo;elles allaient \u00ab an\u00e9antir \u00bb les Tigr\u00e9ens. Cette affirmation a indign\u00e9 les Ethiopiens.<\/p>\n<p>Cet article <a rel=\"nofollow\" href=\"https:\/\/www.journalducameroun.com\/lethiopie-va-reduire-de-moitie-ses-missions-diplomatiques\/\">L\u2019Ethiopie va r\u00e9duire de moiti\u00e9 ses missions diplomatiques<\/a> est apparu en premier sur <a rel=\"nofollow\" href=\"https:\/\/www.journalducameroun.com\/\">Journal du Cameroun<\/a>.<\/p>\n<\/div>\n<p>Auteur: APA News<br \/>\n<a href=\"https:\/\/www.journalducameroun.com\/lethiopie-va-reduire-de-moitie-ses-missions-diplomatiques\/\">Cliquez ici pour lire l&rsquo;article depuis sa source.<\/a><\/p>\n","protected":false},"excerpt":{"rendered":"<p>L&rsquo;Ethiopie a annonc\u00e9 son intention de fermer plus de 30 de ses missions diplomatiques \u00e0 travers le monde.S&rsquo;adressant au Parlement, hier lundi, le Premier ministre Abiy Ahmed a d\u00e9clar\u00e9 que la fermeture de ces missions diplomatiques visait \u00e0 r\u00e9duire les d\u00e9penses publiques. Il a fait allusion \u00e0 l&rsquo;\u00e9l\u00e9vation du niveau des missions d\u00e9volues aux diplomates, [&hellip;]<\/p>\n","protected":false},"author":1965,"featured_media":0,"comment_status":"closed","ping_status":"closed","sticky":false,"template":"","format":"standard","meta":{"fifu_image_url":"https:\/\/www.journalducameroun.com\/wp-content\/uploads\/2021\/07\/16255918832947.jpg","fifu_image_alt":"L\u2019Ethiopie va r\u00e9duire de moiti\u00e9 ses missions diplomatiques","footnotes":""},"categories":[73,82],"tags":[],"class_list":["post-120572","post","type-post","status-publish","format-standard","hentry","category-actualite","category-cameroun"],"_links":{"self":[{"href":"https:\/\/linitiative.ca\/International\/wp-json\/wp\/v2\/posts\/120572","targetHints":{"allow":["GET"]}}],"collection":[{"href":"https:\/\/linitiative.ca\/International\/wp-json\/wp\/v2\/posts"}],"about":[{"href":"https:\/\/linitiative.ca\/International\/wp-json\/wp\/v2\/types\/post"}],"author":[{"embeddable":true,"href":"https:\/\/linitiative.ca\/International\/wp-json\/wp\/v2\/users\/1965"}],"replies":[{"embeddable":true,"href":"https:\/\/linitiative.ca\/International\/wp-json\/wp\/v2\/comments?post=120572"}],"version-history":[{"count":0,"href":"https:\/\/linitiative.ca\/International\/wp-json\/wp\/v2\/posts\/120572\/revisions"}],"wp:attachment":[{"href":"https:\/\/linitiative.ca\/International\/wp-json\/wp\/v2\/media?parent=120572"}],"wp:term":[{"taxonomy":"category","embeddable":true,"href":"https:\/\/linitiative.ca\/International\/wp-json\/wp\/v2\/categories?post=120572"},{"taxonomy":"post_tag","embeddable":true,"href":"https:\/\/linitiative.ca\/International\/wp-json\/wp\/v2\/tags?post=120572"}],"curies":[{"name":"wp","href":"https:\/\/api.w.org\/{rel}","templated":true}]}}