{"id":120576,"date":"2021-07-06T13:18:03","date_gmt":"2021-07-06T17:18:03","guid":{"rendered":"https:\/\/linitiative.ca\/International\/rwanda-afsud-vers-le-retablissement-des-liens-diplomatiques\/"},"modified":"2021-07-06T13:18:03","modified_gmt":"2021-07-06T17:18:03","slug":"rwanda-afsud-vers-le-retablissement-des-liens-diplomatiques","status":"publish","type":"post","link":"https:\/\/linitiative.ca\/International\/rwanda-afsud-vers-le-retablissement-des-liens-diplomatiques\/","title":{"rendered":"Rwanda\/Af\u2019Sud : vers le r\u00e9tablissement des liens diplomatiques"},"content":{"rendered":"<div>\n<p><img loading=\"lazy\" decoding=\"async\" width=\"250\" height=\"200\" src=\"https:\/\/linitiative.ca\/International\/wp-content\/uploads\/sites\/23\/2021\/07\/16255918835793.jpg\" class=\"attachment-post-thumbnail size-post-thumbnail wp-post-image\" alt=\"\"><\/p>\n<p>Les deux pays s&rsquo;engagent sur la voie de la normalisation des relations diplomatiques.Pour ce faire, une d\u00e9l\u00e9gation du D\u00e9partement sud-africain des relations internationales et de la coop\u00e9ration (DIRCO) est actuellement en visite de travail au Rwanda.<\/p>\n<p>Dans un communiqu\u00e9, le minist\u00e8re rwandais des Affaires \u00e9trang\u00e8res a d\u00e9clar\u00e9 que cette visite \u00e9tait \u00ab un autre signal de la ferme volont\u00e9 des deux parties \u00e0 renforcer les relations bilat\u00e9rales \u00bb.<\/p>\n<p>Au d\u00e9but du mois dernier, le ministre rwandais des Affaires \u00e9trang\u00e8res et de la Coop\u00e9ration, le Dr Vincent Biruta, s&rsquo;est rendu en Afrique du Sud o\u00f9 il a eu des entretiens avec son homologue, le Dr Naledi Pandor \u00e0 Pretoria, sur la normalisation des relations entre les deux pays.<\/p>\n<p>Le dialogue entre les deux ministres fait suite \u00e0 une rencontre entre les pr\u00e9sidents Paul Kagam\u00e9 et Cyril Ramaphosa \u00e0 Paris, le 18 mai, en marge du Sommet pour le financement des \u00e9conomies africaines, et au cours de laquelle, les deux chefs d&rsquo;Etat avaient convenu d&rsquo;aller vers la normalisation des relations entre les deux pays.<\/p>\n<p>En mars 2014, l&rsquo;Afrique du Sud avait expuls\u00e9 trois diplomates du Rwanda, et Kigali avait imm\u00e9diatement ripost\u00e9 en expulsant six diplomates sud-africains.<\/p>\n<p>Cet article <a rel=\"nofollow\" href=\"https:\/\/www.journalducameroun.com\/rwanda-afsud-vers-le-retablissement-des-liens-diplomatiques\/\">Rwanda\/Af\u2019Sud : vers le r\u00e9tablissement des liens diplomatiques<\/a> est apparu en premier sur <a rel=\"nofollow\" href=\"https:\/\/www.journalducameroun.com\/\">Journal du Cameroun<\/a>.<\/p>\n<\/div>\n<p>Auteur: APA News<br \/>\n<a href=\"https:\/\/www.journalducameroun.com\/rwanda-afsud-vers-le-retablissement-des-liens-diplomatiques\/\">Cliquez ici pour lire l&rsquo;article depuis sa source.<\/a><\/p>\n","protected":false},"excerpt":{"rendered":"<p>Les deux pays s&rsquo;engagent sur la voie de la normalisation des relations diplomatiques.Pour ce faire, une d\u00e9l\u00e9gation du D\u00e9partement sud-africain des relations internationales et de la coop\u00e9ration (DIRCO) est actuellement en visite de travail au Rwanda. Dans un communiqu\u00e9, le minist\u00e8re rwandais des Affaires \u00e9trang\u00e8res a d\u00e9clar\u00e9 que cette visite \u00e9tait \u00ab un autre signal [&hellip;]<\/p>\n","protected":false},"author":1965,"featured_media":0,"comment_status":"closed","ping_status":"closed","sticky":false,"template":"","format":"standard","meta":{"fifu_image_url":"https:\/\/www.journalducameroun.com\/wp-content\/uploads\/2021\/07\/16255918835793.jpg","fifu_image_alt":"Rwanda\/Af\u2019Sud : vers le r\u00e9tablissement des liens diplomatiques","footnotes":""},"categories":[73,82],"tags":[],"class_list":["post-120576","post","type-post","status-publish","format-standard","hentry","category-actualite","category-cameroun"],"_links":{"self":[{"href":"https:\/\/linitiative.ca\/International\/wp-json\/wp\/v2\/posts\/120576","targetHints":{"allow":["GET"]}}],"collection":[{"href":"https:\/\/linitiative.ca\/International\/wp-json\/wp\/v2\/posts"}],"about":[{"href":"https:\/\/linitiative.ca\/International\/wp-json\/wp\/v2\/types\/post"}],"author":[{"embeddable":true,"href":"https:\/\/linitiative.ca\/International\/wp-json\/wp\/v2\/users\/1965"}],"replies":[{"embeddable":true,"href":"https:\/\/linitiative.ca\/International\/wp-json\/wp\/v2\/comments?post=120576"}],"version-history":[{"count":0,"href":"https:\/\/linitiative.ca\/International\/wp-json\/wp\/v2\/posts\/120576\/revisions"}],"wp:attachment":[{"href":"https:\/\/linitiative.ca\/International\/wp-json\/wp\/v2\/media?parent=120576"}],"wp:term":[{"taxonomy":"category","embeddable":true,"href":"https:\/\/linitiative.ca\/International\/wp-json\/wp\/v2\/categories?post=120576"},{"taxonomy":"post_tag","embeddable":true,"href":"https:\/\/linitiative.ca\/International\/wp-json\/wp\/v2\/tags?post=120576"}],"curies":[{"name":"wp","href":"https:\/\/api.w.org\/{rel}","templated":true}]}}