{"id":120578,"date":"2021-07-06T14:18:02","date_gmt":"2021-07-06T18:18:02","guid":{"rendered":"https:\/\/linitiative.ca\/International\/le-gouvernement-ivoirien-exhorte-a-la-solidarite-pour-prevenir-lextremisme-violent\/"},"modified":"2021-07-06T14:18:02","modified_gmt":"2021-07-06T18:18:02","slug":"le-gouvernement-ivoirien-exhorte-a-la-solidarite-pour-prevenir-lextremisme-violent","status":"publish","type":"post","link":"https:\/\/linitiative.ca\/International\/le-gouvernement-ivoirien-exhorte-a-la-solidarite-pour-prevenir-lextremisme-violent\/","title":{"rendered":"Le gouvernement ivoirien exhort\u00e9 \u00e0 la solidarit\u00e9 pour pr\u00e9venir l\u2019extr\u00e9misme violent"},"content":{"rendered":"<div>\n<p><img loading=\"lazy\" decoding=\"async\" width=\"1024\" height=\"768\" src=\"https:\/\/linitiative.ca\/International\/wp-content\/uploads\/sites\/23\/2021\/07\/16255954825764.jpg\" class=\"attachment-post-thumbnail size-post-thumbnail wp-post-image\" alt=\"\" srcset=\"https:\/\/linitiative.ca\/International\/wp-content\/uploads\/sites\/23\/2021\/07\/16255954825764.jpg 1024w, https:\/\/www.journalducameroun.com\/wp-content\/uploads\/2021\/07\/16255954825764-300x225.jpg 300w, https:\/\/www.journalducameroun.com\/wp-content\/uploads\/2021\/07\/16255954825764-768x576.jpg 768w, https:\/\/www.journalducameroun.com\/wp-content\/uploads\/2021\/07\/16255954825764-587x440.jpg 587w, https:\/\/www.journalducameroun.com\/wp-content\/uploads\/2021\/07\/16255954825764-600x450.jpg 600w\" sizes=\"auto, (max-width: 1024px) 100vw, 1024px\"><\/p>\n<p>L&rsquo;ambassadeur des \u00c9tats-Unis en C\u00f4te d&rsquo;Ivoire, Richard Bell, a exhort\u00e9 mardi le gouvernement ivoirien \u00e0 plus de solidarit\u00e9 envers les gouvern\u00e9s pour pr\u00e9venir la menace de l&rsquo;extr\u00e9misme violent.<\/p>\n<p>Le diplomate am\u00e9ricain, Richard Bell, s&rsquo;exprimait \u00e0 l&rsquo;ouverture d&rsquo;un atelier de formation de 120 autorit\u00e9s locales des R\u00e9gions du Bounkani (Nord-Est)et du Tchologo (Nord), en gouvernance inclusive et redevabilit\u00e9 avec emphase sur le budget participatif, \u00e0 Grand-Bassam, \u00e0 40 Km au Sud-est d&rsquo;Abidjan.<\/p>\n<p>\u00ab\u00a0Cet atelier est d&rsquo;autant plus d&rsquo;actualit\u00e9 que, comme j&rsquo;ai eu l&rsquo;occasion d&rsquo;en discuter avec M. le ministre de l&rsquo;Int\u00e9rieur et la S\u00e9curit\u00e9, la solidarit\u00e9 entre gouvernants et gouvern\u00e9s est essentielle pour pr\u00e9venir la menace de l&rsquo;extr\u00e9misme violent qui guette des communaut\u00e9s vuln\u00e9rables dans le nord du pays\u00a0\u00bb, a dit M. Richard Bell.<\/p>\n<p>\u00a0Il a soutenu que \u00ab\u00a0cet atelier est pertinent car, malgr\u00e9 la croissance macro-\u00e9conomique impressionnante enregistr\u00e9e par la C\u00f4te d&rsquo;Ivoire depuis 2011, l&rsquo;Indice de D\u00e9veloppement Humain du PNUD pour l&rsquo;an 2020 ne classe ce pays que 162e sur 189\u00a0\u00bb.\u00a0<\/p>\n<p>L&rsquo;atelier de formation en gouvernance inclusive et en redevabilit\u00e9, qui \u00a0regroupe plusieurs autorit\u00e9s locales du Bounkani et du Tchologo se tient via le Projet A4D (Redevabilit\u00e9 pour le d\u00e9veloppement), initi\u00e9 par les ONGs Equal Access International (EAI) et Alliance C\u00f4te d&rsquo;Ivoire. Il est financ\u00e9 par le gouvernement am\u00e9ricain \u00e0 travers l&rsquo;USAID (Agence des \u00c9tats-Unis pour le d\u00e9veloppement international).<\/p>\n<p>Des organismes ont \u00e9t\u00e9 associ\u00e9s \u00e0 cette formation, notamment Action Contre la Faim (ACF), le R\u00e9seau Ivoirien pour la D\u00e9fense des Droits de l&rsquo;Enfant et de la Femme (RIDDEF) en collaboration avec la Direction G\u00e9n\u00e9rale de la D\u00e9centralisation et du D\u00e9veloppement Local (DGDDL).<\/p>\n<p>M. Lazare Dago Djahi, repr\u00e9sentant le ministre de l&rsquo;int\u00e9rieur et de la s\u00e9curit\u00e9, le G\u00e9n\u00e9ral Vagondo Diomand\u00e9 \u00e0 cette c\u00e9r\u00e9monie d&rsquo;ouverture, a salu\u00e9 le gouvernement am\u00e9ricain et l&rsquo;USAID pour l&rsquo;appui financier en faveur de ce projet C\u00f4te d&rsquo;Ivoire.<\/p>\n<p>\u00ab Le gouvernement ivoirien met un point d&rsquo;honneur sur la participation citoyenne. (\u2026) C&rsquo;est la preuve que le gouvernement veut que les citoyens soient pris en compte dans le choix des projets, dans la mise en \u0153uvre des projets et dans le suivi-\u00e9valuation des projets \u00bb a expliqu\u00e9 M. Djahi, \u00e9galement directeur g\u00e9n\u00e9ral de la D\u00e9centralisation et du D\u00e9veloppement Local.<\/p>\n<p>Dans le m\u00eame \u00e9lan, Karana Olivier et Boua II Louis Auguste, respectivement Directeur-pays et Vice-pr\u00e9sident du Conseil d&rsquo;administration des ONGs Equal Access International (EAI) et Alliance C\u00f4te d&rsquo;Ivoire a relev\u00e9 la pertinence de ce projet. \u00a0\u00ab Les jeunes et les femmes sont les moteurs d&rsquo;id\u00e9es \u00bb, a estim\u00e9 M. Karana, mettant en exergue la gouvernance participative ax\u00e9e sur la communaut\u00e9.<\/p>\n<p>\u00ab\u00a0Le gouvernement am\u00e9ricain est fier d&rsquo;apporter son soutien \u00e0 ce pays ami, y compris en fournissant des services de sant\u00e9 psycho-sociale, avec des cliniques mobiles dans le Bounkani et le Tchologo qui ont d\u00e9j\u00e0 aid\u00e9 450 victimes de violence ou autres abus bas\u00e9s sur le genre\u00a0\u00bb, s&rsquo;est f\u00e9licit\u00e9 M. Richard Bell.\u00a0<\/p>\n<p>L&rsquo;ambassadeur des \u00c9tats-Unis en C\u00f4te d&rsquo;Ivoire a fait savoir que l&rsquo;USAID est en train de former 40 volontaires communautaires pour identifier les victimes de traumatismes et les orienter vers les cliniques mobiles.<\/p>\n<p>Selon M. Richard Bell, la participation citoyenne contribue \u00e0 am\u00e9liorer les services, y compris lorsqu&rsquo;elle comprend des critiques, car \u00ab\u00a0en d\u00e9mocratie, il ne faut pas craindre les critiques, mais plut\u00f4t les prendre en compte et adopter les mesures idoines pour obtenir de meilleurs r\u00e9sultats concrets\u00a0\u00bb. \u00a0<\/p>\n<p>Depuis 2012, la C\u00f4te d`Ivoire continue d&rsquo;enregistrer une croissance \u00e9conomique \u00a0parmi les plus fortes du continent africain. Malgr\u00e9 cette forte croissance, la majorit\u00e9 de la population reste pauvre.<\/p>\n<p>Cet \u00e9tat de fait est coupl\u00e9 \u00e0 une mauvaise qualit\u00e9 des services offerts aux populations dans les domaines de l&rsquo;\u00c9ducation, la sant\u00e9, l&rsquo;Eau, l&rsquo;Hygi\u00e8ne et l&rsquo;Assainissement. Le projet A4D se veut un outil pour une forte implication de la base sociale dans le d\u00e9veloppement du pays.<\/p>\n<p>A4D, projet b\u00e9n\u00e9ficiant d&rsquo;un appui financier de l&rsquo;USAID dans le cadre d&rsquo;un consortium d&rsquo;organisations non gouvernementale dirig\u00e9 par Equal Access International (EAI) et compos\u00e9 de Action Contre la Faim (ACF), Alliance C\u00f4te d&rsquo;ivoire (ANSCI) et le R\u00e9seau Ivoirien pour la D\u00e9fense des Droits de l&rsquo;Enfant et de la Femme (RIDDEF) pour une p\u00e9riode de deux ans.<\/p>\n<p>D\u00e9but\u00e9 le 1er avril 2020, ce projet est mis en \u0153uvre dans les r\u00e9gions du Tchologo, du Folon, du Poro et du Bounkani au nord de la C\u00f4te d&rsquo;ivoire, plus pr\u00e9cis\u00e9ment dans les d\u00e9partements de Ferkess\u00e9dougou, de Ouangolodougou, \u00a0de Kong, de Kimbirila Nord, de M&rsquo;Bengu\u00e9, de Bouna et Doropo.<\/p>\n<p>L&rsquo;objectif du projet \u00ab Accountability for Development \u00bb est d&rsquo;am\u00e9liorer la prestation et l&rsquo;accessibilit\u00e9 des services publics de base pour les femmes et les jeunes conform\u00e9ment \u00e0 l&rsquo;objectif 1.3 de la mission USAID \/ C\u00f4te d&rsquo;Ivoire.<\/p>\n<p>Le projet A4D a d\u00e9j\u00e0 facilit\u00e9 l&rsquo;\u00e9mergence d&rsquo;un r\u00e9seau de 70 \u201cchampions\u201d communautaires dans les r\u00e9gions du Bounkani et du Tchologo. \u00a0Ces \u201cchampions\u201d compos\u00e9s de jeunes gens et jeunes femmes ont r\u00e9ussi \u00e0 mobiliser des ressources locales avant m\u00eame de solliciter l&rsquo;appui des autorit\u00e9s.<\/p>\n<p>Cet article <a rel=\"nofollow\" href=\"https:\/\/www.journalducameroun.com\/le-gouvernement-ivoirien-exhorte-a-la-solidarite-pour-prevenir-lextremisme-violent\/\">Le gouvernement ivoirien exhort\u00e9 \u00e0 la solidarit\u00e9 pour pr\u00e9venir l\u2019extr\u00e9misme violent<\/a> est apparu en premier sur <a rel=\"nofollow\" href=\"https:\/\/www.journalducameroun.com\/\">Journal du Cameroun<\/a>.<\/p>\n<\/div>\n<p>Auteur: APA News<br \/>\n<a href=\"https:\/\/www.journalducameroun.com\/le-gouvernement-ivoirien-exhorte-a-la-solidarite-pour-prevenir-lextremisme-violent\/\">Cliquez ici pour lire l&rsquo;article depuis sa source.<\/a><\/p>\n","protected":false},"excerpt":{"rendered":"<p>L&rsquo;ambassadeur des \u00c9tats-Unis en C\u00f4te d&rsquo;Ivoire, Richard Bell, a exhort\u00e9 mardi le gouvernement ivoirien \u00e0 plus de solidarit\u00e9 envers les gouvern\u00e9s pour pr\u00e9venir la menace de l&rsquo;extr\u00e9misme violent. Le diplomate am\u00e9ricain, Richard Bell, s&rsquo;exprimait \u00e0 l&rsquo;ouverture d&rsquo;un atelier de formation de 120 autorit\u00e9s locales des R\u00e9gions du Bounkani (Nord-Est)et du Tchologo (Nord), en gouvernance inclusive [&hellip;]<\/p>\n","protected":false},"author":1965,"featured_media":0,"comment_status":"closed","ping_status":"closed","sticky":false,"template":"","format":"standard","meta":{"fifu_image_url":"https:\/\/www.journalducameroun.com\/wp-content\/uploads\/2021\/07\/16255954825764.jpg","fifu_image_alt":"Le gouvernement ivoirien exhort\u00e9 \u00e0 la solidarit\u00e9 pour pr\u00e9venir l\u2019extr\u00e9misme violent","footnotes":""},"categories":[73,82],"tags":[],"class_list":["post-120578","post","type-post","status-publish","format-standard","hentry","category-actualite","category-cameroun"],"_links":{"self":[{"href":"https:\/\/linitiative.ca\/International\/wp-json\/wp\/v2\/posts\/120578","targetHints":{"allow":["GET"]}}],"collection":[{"href":"https:\/\/linitiative.ca\/International\/wp-json\/wp\/v2\/posts"}],"about":[{"href":"https:\/\/linitiative.ca\/International\/wp-json\/wp\/v2\/types\/post"}],"author":[{"embeddable":true,"href":"https:\/\/linitiative.ca\/International\/wp-json\/wp\/v2\/users\/1965"}],"replies":[{"embeddable":true,"href":"https:\/\/linitiative.ca\/International\/wp-json\/wp\/v2\/comments?post=120578"}],"version-history":[{"count":0,"href":"https:\/\/linitiative.ca\/International\/wp-json\/wp\/v2\/posts\/120578\/revisions"}],"wp:attachment":[{"href":"https:\/\/linitiative.ca\/International\/wp-json\/wp\/v2\/media?parent=120578"}],"wp:term":[{"taxonomy":"category","embeddable":true,"href":"https:\/\/linitiative.ca\/International\/wp-json\/wp\/v2\/categories?post=120578"},{"taxonomy":"post_tag","embeddable":true,"href":"https:\/\/linitiative.ca\/International\/wp-json\/wp\/v2\/tags?post=120578"}],"curies":[{"name":"wp","href":"https:\/\/api.w.org\/{rel}","templated":true}]}}