{"id":120580,"date":"2021-07-06T14:18:03","date_gmt":"2021-07-06T18:18:03","guid":{"rendered":"https:\/\/linitiative.ca\/International\/sommet-sur-les-systemes-alimentaires-dakar-peaufine-sa-feuille-de-route\/"},"modified":"2021-07-06T14:18:03","modified_gmt":"2021-07-06T18:18:03","slug":"sommet-sur-les-systemes-alimentaires-dakar-peaufine-sa-feuille-de-route","status":"publish","type":"post","link":"https:\/\/linitiative.ca\/International\/sommet-sur-les-systemes-alimentaires-dakar-peaufine-sa-feuille-de-route\/","title":{"rendered":"Sommet sur les syst\u00e8mes alimentaires: Dakar peaufine sa feuille de route"},"content":{"rendered":"<div>\n<p><img loading=\"lazy\" decoding=\"async\" width=\"446\" height=\"297\" src=\"https:\/\/linitiative.ca\/International\/wp-content\/uploads\/sites\/23\/2021\/07\/16255954832203.jpg\" class=\"attachment-post-thumbnail size-post-thumbnail wp-post-image\" alt=\"\" srcset=\"https:\/\/linitiative.ca\/International\/wp-content\/uploads\/sites\/23\/2021\/07\/16255954832203.jpg 446w, https:\/\/www.journalducameroun.com\/wp-content\/uploads\/2021\/07\/16255954832203-300x200.jpg 300w\" sizes=\"auto, (max-width: 446px) 100vw, 446px\"><\/p>\n<p>La troisi\u00e8me concertation nationale consacr\u00e9e \u00e0 l&rsquo;analyse, l&rsquo;amendement et la validation de la feuille de route du S\u00e9n\u00e9gal pour des syst\u00e8mes alimentaires durables s&rsquo;est ouverte ce mardi \u00e0 Dakar, a constat\u00e9 APA.A moins de deux mois du Sommet mondial sur les syst\u00e8mes alimentaires durables, le document consensuel \u00e0 pr\u00e9senter lors de cette rencontre, pr\u00e9vue en septembre 2021, est en cours de finalisation. Celui-ci devra \u00ab mettre en \u00e9vidence des actions sp\u00e9cifiques et des partenariats pour des transformations quantitatives des syst\u00e8mes alimentaires et nutritionnels \u00e0 l&rsquo;\u00e9chelle nationale \u00bb, a fait savoir le Coordonnateur r\u00e9sident du syst\u00e8me des Nations Unies, Siaka Coulibaly.<\/p>\n<p>Ledit document devra par ailleurs permettre de souligner les grandes lignes d&rsquo;actions prioritaires pour les 10 prochaines ann\u00e9es.<\/p>\n<p>A en croire M. Coulibaly, le Sommet mondial sur les syst\u00e8mes alimentaires est une opportunit\u00e9 pour le S\u00e9n\u00e9gal de mettre en place des plans de relance qui inverseront les tendances actuelles et modifieront les modes de consommation et de protection actuels en faveur d&rsquo;un monde plus durable. Tout cela, en consolidant les r\u00e9sultats d\u00e9j\u00e0 acquis par le pays.<\/p>\n<p>\u00ab Un accord au sortir de cette concertation permettra au S\u00e9n\u00e9gal de se prot\u00e9ger sur le long terme et b\u00e2tir une feuille de route strat\u00e9gique pertinente \u00bb, a-t-il dit.<\/p>\n<p>Siaka Coulibaly a en outre soulign\u00e9 la n\u00e9cessit\u00e9 de concevoir des solutions innovantes pour le financement des syst\u00e8mes alimentaires afin de les rendre plus durables, plus \u00e9quitables et plus r\u00e9silientes.<\/p>\n<p>De son c\u00f4t\u00e9, le Groupe Th\u00e9matique D\u00e9veloppement Rural et S\u00e9curit\u00e9 Alimentaire (GTDRSA) a rappel\u00e9 l&rsquo;importance d&rsquo;avoir des politiques et des investissements qui cr\u00e9ent des opportunit\u00e9s de travail d\u00e9cent et d&rsquo;agro-entrepreneuriat pour les femmes et les jeunes et soutiennent leur autonomisation en tant qu&rsquo;acteurs et leaders des syst\u00e8mes alimentaires.<\/p>\n<p>De plus, le GTDRSA a plaid\u00e9 en faveur de l&rsquo;acc\u00e9l\u00e9ration de l&rsquo;adaptation de l&rsquo;agriculture et des syst\u00e8mes alimentaires au changement climatique, l&rsquo;accroissement des investissements pour la s\u00e9curit\u00e9 alimentaire, la nutrition, les syst\u00e8mes alimentaires durables et le d\u00e9veloppement territorial et la promotion d&rsquo;une approche holistique \u00ab One Health \u00bb fond\u00e9e sur la science, afin d&rsquo;am\u00e9liorer les r\u00e9sultats de sant\u00e9 publique.<\/p>\n<p>Le ministre s\u00e9n\u00e9galais de l&rsquo;Agriculture et de l&rsquo;Equipement rural, Moussa Bald\u00e9 a quant \u00e0 lui r\u00e9it\u00e9r\u00e9 l&rsquo;engagement du gouvernement du S\u00e9n\u00e9gal d&rsquo;\u00eatre aux c\u00f4t\u00e9s de tous les acteurs sur le chemin de la construction de syst\u00e8mes alimentaires durables et \u00e9quitables.<\/p>\n<p>Le Sommet mondial sur les syst\u00e8mes alimentaires est une initiative du Secr\u00e9taire g\u00e9n\u00e9ral de l&rsquo;Organisation des Nations unies, Ant\u00f3nio Guterres. Il entre dans le cadre de la D\u00e9cennie d&rsquo;action instaur\u00e9e pour atteindre les Objectifs de D\u00e9veloppement Durable (ODD) \u00e0 l&rsquo;horizon 2030.<\/p>\n<p>Cet article <a rel=\"nofollow\" href=\"https:\/\/www.journalducameroun.com\/sommet-sur-les-systemes-alimentaires-dakar-peaufine-sa-feuille-de-route\/\">Sommet sur les syst\u00e8mes alimentaires: Dakar peaufine sa feuille de route<\/a> est apparu en premier sur <a rel=\"nofollow\" href=\"https:\/\/www.journalducameroun.com\/\">Journal du Cameroun<\/a>.<\/p>\n<\/div>\n<p>Auteur: APA News<br \/>\n<a href=\"https:\/\/www.journalducameroun.com\/sommet-sur-les-systemes-alimentaires-dakar-peaufine-sa-feuille-de-route\/\">Cliquez ici pour lire l&rsquo;article depuis sa source.<\/a><\/p>\n","protected":false},"excerpt":{"rendered":"<p>La troisi\u00e8me concertation nationale consacr\u00e9e \u00e0 l&rsquo;analyse, l&rsquo;amendement et la validation de la feuille de route du S\u00e9n\u00e9gal pour des syst\u00e8mes alimentaires durables s&rsquo;est ouverte ce mardi \u00e0 Dakar, a constat\u00e9 APA.A moins de deux mois du Sommet mondial sur les syst\u00e8mes alimentaires durables, le document consensuel \u00e0 pr\u00e9senter lors de cette rencontre, pr\u00e9vue en [&hellip;]<\/p>\n","protected":false},"author":1965,"featured_media":0,"comment_status":"closed","ping_status":"closed","sticky":false,"template":"","format":"standard","meta":{"fifu_image_url":"https:\/\/www.journalducameroun.com\/wp-content\/uploads\/2021\/07\/16255954832203.jpg","fifu_image_alt":"Sommet sur les syst\u00e8mes alimentaires: Dakar peaufine sa feuille de route","footnotes":""},"categories":[73,82],"tags":[],"class_list":["post-120580","post","type-post","status-publish","format-standard","hentry","category-actualite","category-cameroun"],"_links":{"self":[{"href":"https:\/\/linitiative.ca\/International\/wp-json\/wp\/v2\/posts\/120580","targetHints":{"allow":["GET"]}}],"collection":[{"href":"https:\/\/linitiative.ca\/International\/wp-json\/wp\/v2\/posts"}],"about":[{"href":"https:\/\/linitiative.ca\/International\/wp-json\/wp\/v2\/types\/post"}],"author":[{"embeddable":true,"href":"https:\/\/linitiative.ca\/International\/wp-json\/wp\/v2\/users\/1965"}],"replies":[{"embeddable":true,"href":"https:\/\/linitiative.ca\/International\/wp-json\/wp\/v2\/comments?post=120580"}],"version-history":[{"count":0,"href":"https:\/\/linitiative.ca\/International\/wp-json\/wp\/v2\/posts\/120580\/revisions"}],"wp:attachment":[{"href":"https:\/\/linitiative.ca\/International\/wp-json\/wp\/v2\/media?parent=120580"}],"wp:term":[{"taxonomy":"category","embeddable":true,"href":"https:\/\/linitiative.ca\/International\/wp-json\/wp\/v2\/categories?post=120580"},{"taxonomy":"post_tag","embeddable":true,"href":"https:\/\/linitiative.ca\/International\/wp-json\/wp\/v2\/tags?post=120580"}],"curies":[{"name":"wp","href":"https:\/\/api.w.org\/{rel}","templated":true}]}}