{"id":120585,"date":"2021-07-06T08:50:38","date_gmt":"2021-07-06T12:50:38","guid":{"rendered":"https:\/\/linitiative.ca\/International\/titres-fonciers-jean-de-dieu-momo-propose-de-punir-les-abus-des-fonctionnaires\/"},"modified":"2021-07-06T08:50:38","modified_gmt":"2021-07-06T12:50:38","slug":"titres-fonciers-jean-de-dieu-momo-propose-de-punir-les-abus-des-fonctionnaires","status":"publish","type":"post","link":"https:\/\/linitiative.ca\/International\/titres-fonciers-jean-de-dieu-momo-propose-de-punir-les-abus-des-fonctionnaires\/","title":{"rendered":"Titres fonciers : Jean De Dieu Momo propose de punir les abus des fonctionnaires"},"content":{"rendered":"<div>\n<p>Le Minjustice fait partie des acteurs qui interviennent dans les probl\u00e9matiques fonci\u00e8res et cadastrales au Cameroun. Notamment au niveau de la s\u00e9curisation fonci\u00e8re.\u00a0 C\u2019est donc \u00e0 ce titre que le ministre d\u00e9l\u00e9gu\u00e9 aupr\u00e8s du ministre d\u2019Etat, ministre de la Justice, Garde des Sceaux a fait des propositions dans le cadre de la r\u00e9forme envisag\u00e9e. Selon Jean De Dieu Momo, l\u2019Etat devrait d\u00e8s lors accentuer non seulement la formation mais \u00e9galement la r\u00e9pression des comportements d\u00e9viants des agents publics. Ces derniers \u00e9tant notamment accus\u00e9s d\u2019\u00eatre \u00e0 l\u2019origine de pratiques v\u00e9reuses qui ont cours dans le secteur. \u00a0\u00ab\u00a0La r\u00e9forme envisage donc des actions ad\u00e9quates pour les abus et manquements divers notamment lorsqu\u2019ils sont des agents publics\u00a0; Densifier le renforcement des capacit\u00e9s des agents publics et des officiers minist\u00e9riels impliqu\u00e9s dans la s\u00e9curisation fonci\u00e8re (notaires agents du cadastre)\u00a0\u00bb\u00a0assure le ministre d\u00e9l\u00e9gu\u00e9 au Minjustice.<\/p>\n<p><strong>Toilettage des textes<\/strong><\/p>\n<p>Au-del\u00e0 des aspects relatifs aux escroqueries ayant cours sur le terrain, le Minjustice propose que soient toilett\u00e9s les textes qui encadrent les questions fonci\u00e8res. \u00ab\u00a0Il doit \u00eatre envisag\u00e9 d\u2019acc\u00e9l\u00e9rer les r\u00e9formes juridiques, politiques et institutionnelles en mati\u00e8re fonci\u00e8re. Les r\u00e9formes envisag\u00e9es pourraient porter sur le toilettage des textes, leur unification et leur ad\u00e9quation \u00e0 l\u2019environnement actuel. L\u2019ambition de la r\u00e9forme en pr\u00e9paration \u00e9tait de simplifier et unifier la l\u00e9gislation fonci\u00e8re et domaniale. Moderniser les probl\u00e9matiques fonci\u00e8res li\u00e9es au d\u00e9veloppement durable, s\u00e9curiser le titre foncier et am\u00e9liorer la tenue du fichier cadastral. Ces r\u00e9formes devraient aboutir \u00e0 une protection plus accrue des droits fonciers et au renforcement de l\u2019efficacit\u00e9 et de la fiabilit\u00e9 des institutions charg\u00e9es des questions fonci\u00e8res. Le minist\u00e8re de la Justice pour sa part, qui dispose d\u2019une Direction de la l\u00e9gislation reste dispos\u00e9 \u00e0 apporter l\u2019accompagnement n\u00e9cessaire au minist\u00e8re des Domaines, du cadastre et des affaires fonci\u00e8res qui porte la r\u00e9forme fonci\u00e8re\u00a0\u00bb<em>.<\/em><\/p>\n<p><strong>R\u00e9forme fonci\u00e8re<\/strong><\/p>\n<p>Ces propositions interviennent alors que le pr\u00e9sident de la R\u00e9publique avait demand\u00e9 au gouvernement en 2011, de proc\u00e9der \u00e0 une r\u00e9forme fonci\u00e8re. Une instruction qui n\u2019est toujours pas mise en application 11 ans apr\u00e8s. Selon le ministre des Domaines, du cadastre et des affaires fonci\u00e8res, une mouture serait d\u00e9j\u00e0 disponible. Elle devrait toutefois int\u00e9grer les modifications apport\u00e9es par le Code g\u00e9n\u00e9ral des Collectivit\u00e9s territoriales d\u00e9centralis\u00e9es.\u00a0\u00ab\u00a0Ils souhaitent voir le grand chantier de la r\u00e9forme fonci\u00e8re acc\u00e9l\u00e9r\u00e9, les longs d\u00e9lais et les co\u00fbts en termes de proc\u00e9dure. Nous les avons assur\u00e9 de ce que c\u2019est un dossier qui est pris en main par le pr\u00e9sident de la R\u00e9publique selon les directives qu\u2019il a donn\u00e9es pour que la\u00a0 r\u00e9forme fonci\u00e8re soit lanc\u00e9e en 2011. Nous travaillons pr\u00e9cis\u00e9ment \u00e0 ce que la mouture qui avait \u00e9t\u00e9 envoy\u00e9e depuis lors int\u00e8gre la nouvelle donne et l\u2019av\u00e8nement du Code g\u00e9n\u00e9ral des Collectivit\u00e9s territoriales d\u00e9centralis\u00e9es\u00a0\u00bb\u00a0indique Henri Eyebe Ayissi.\u00a0<\/p>\n<p>L\u2019article <a rel=\"nofollow\" href=\"https:\/\/ecomatin.net\/titres-fonciers-jean-de-dieu-momo-propose-de-punir-les-abus-des-fonctionnaires\/\">Titres fonciers : Jean De Dieu Momo propose de punir les abus des fonctionnaires<\/a> est apparu en premier sur <a rel=\"nofollow\" href=\"https:\/\/ecomatin.net\/\">EcoMatin<\/a>.<\/p>\n<\/div>\n<p>Auteur: Franck KUN<br \/>\n<a href=\"https:\/\/ecomatin.net\/titres-fonciers-jean-de-dieu-momo-propose-de-punir-les-abus-des-fonctionnaires\/\">Cliquez ici pour lire l&rsquo;article depuis sa source.<\/a><\/p>\n","protected":false},"excerpt":{"rendered":"<p>Le Minjustice fait partie des acteurs qui interviennent dans les probl\u00e9matiques fonci\u00e8res et cadastrales au Cameroun. Notamment au niveau de la s\u00e9curisation fonci\u00e8re.\u00a0 C\u2019est donc \u00e0 ce titre que le ministre d\u00e9l\u00e9gu\u00e9 aupr\u00e8s du ministre d\u2019Etat, ministre de la Justice, Garde des Sceaux a fait des propositions dans le cadre de la r\u00e9forme envisag\u00e9e. Selon [&hellip;]<\/p>\n","protected":false},"author":1969,"featured_media":0,"comment_status":"closed","ping_status":"closed","sticky":false,"template":"","format":"standard","meta":{"fifu_image_url":"","fifu_image_alt":"","footnotes":""},"categories":[82,78],"tags":[],"class_list":["post-120585","post","type-post","status-publish","format-standard","hentry","category-cameroun","category-economie"],"_links":{"self":[{"href":"https:\/\/linitiative.ca\/International\/wp-json\/wp\/v2\/posts\/120585","targetHints":{"allow":["GET"]}}],"collection":[{"href":"https:\/\/linitiative.ca\/International\/wp-json\/wp\/v2\/posts"}],"about":[{"href":"https:\/\/linitiative.ca\/International\/wp-json\/wp\/v2\/types\/post"}],"author":[{"embeddable":true,"href":"https:\/\/linitiative.ca\/International\/wp-json\/wp\/v2\/users\/1969"}],"replies":[{"embeddable":true,"href":"https:\/\/linitiative.ca\/International\/wp-json\/wp\/v2\/comments?post=120585"}],"version-history":[{"count":0,"href":"https:\/\/linitiative.ca\/International\/wp-json\/wp\/v2\/posts\/120585\/revisions"}],"wp:attachment":[{"href":"https:\/\/linitiative.ca\/International\/wp-json\/wp\/v2\/media?parent=120585"}],"wp:term":[{"taxonomy":"category","embeddable":true,"href":"https:\/\/linitiative.ca\/International\/wp-json\/wp\/v2\/categories?post=120585"},{"taxonomy":"post_tag","embeddable":true,"href":"https:\/\/linitiative.ca\/International\/wp-json\/wp\/v2\/tags?post=120585"}],"curies":[{"name":"wp","href":"https:\/\/api.w.org\/{rel}","templated":true}]}}