{"id":120586,"date":"2021-07-06T10:57:05","date_gmt":"2021-07-06T14:57:05","guid":{"rendered":"https:\/\/linitiative.ca\/International\/eau-potable-la-koica-octroie-36-milliards-de-fcfa-pour-reduire-le-deficit-dans-4-communes\/"},"modified":"2021-07-06T10:57:05","modified_gmt":"2021-07-06T14:57:05","slug":"eau-potable-la-koica-octroie-36-milliards-de-fcfa-pour-reduire-le-deficit-dans-4-communes","status":"publish","type":"post","link":"https:\/\/linitiative.ca\/International\/eau-potable-la-koica-octroie-36-milliards-de-fcfa-pour-reduire-le-deficit-dans-4-communes\/","title":{"rendered":"Eau potable : la Koica octroie 3,6 milliards de Fcfa pour r\u00e9duire le d\u00e9ficit dans 4 communes"},"content":{"rendered":"<div>\n<p>Le ministre de l\u2019Economie de la planification et de l\u2019am\u00e9nagement du territoire (Minepat), Alamine Ousmane Mey et le Directeur de l\u2019Agence cor\u00e9enne de coop\u00e9ration internationale (Koica), Lee Gyohong, ont sign\u00e9 le 1<sup>er<\/sup>\u00a0juillet dernier un \u00ab\u00a0record of discussion\u00a0\u00bb (ROD), relatif au Projet d\u2019approvisionnement en eau potable\u00a0\u00a0dans les zones rurales du Cameroun. Les communes de Matob et Ebebda dans la r\u00e9gion du Centre\u00a0; de Massok, dans le Littoral et de Koutaba dans la r\u00e9gion de l\u2019Ouest sont\u00a0\u00a0les 4 b\u00e9n\u00e9ficiaires de ce don non-remboursable de 6,7 millions de dollars soit 3,6 milliards de Fcfa, octroy\u00e9 par la Koica.<\/p>\n<p><strong>Lire aussi<\/strong> : <strong><a href=\"https:\/\/ecomatin.net\/lutte-contre-la-covid-19-la-coree-du-sud-offre-58-millions-au-cameroun\/\">Lutte contre la covid-19 : la Cor\u00e9e du Sud offre 58 millions au Cameroun<\/a><\/strong><\/p>\n<p>D\u2019une dur\u00e9e de 5 ans (2019-2023), le Projet d\u2019approvisionnement en eau potable dans les zones rurales au Cameroun a pour objectif principal de\u00a0\u00a0mettre en place des syst\u00e8mes d\u2019approvisionnement en eau potable dans les zones concern\u00e9es. De mani\u00e8re sp\u00e9cifique, il s\u2019agira d\u2019am\u00e9liorer le taux d\u2019acc\u00e8s \u00e0 l\u2019eau potable \u00e0 travers la construction et la r\u00e9habilitation des ouvrages d\u2019adduction en eau potable\u00a0; am\u00e9liorer l\u2019assainissement de l\u2019eau au niveau des m\u00e9nages, des march\u00e9s, des \u00e9coles et des h\u00f4pitaux\u00a0; mettre en place des comit\u00e9s de gestion et renforcer leurs capacit\u00e9s en gestion durable des ouvrages d\u2019approvisionnement en eau potable. Selon le Minepat, \u00ab\u00a0conform\u00e9ment au diagnostic r\u00e9alis\u00e9 par l\u2019Enqu\u00eate de conception de base du projet (ECB), un accent particulier sera mis dans la formation des comit\u00e9s de gestions en vue de la p\u00e9r\u00e9nnisation des ouvrages d\u2019approvisionnement en eau \u00e0 construire ou \u00e0 r\u00e9habiliter\u00a0\u00bb, confie Alamine Ousmane Mey.<\/p>\n<p><strong>Lire aussi<\/strong> : <strong><a href=\"https:\/\/ecomatin.net\/cooperation-la-coree-sinteresse-au-secteur-energetique-camerounais\/\">Coop\u00e9ration : la Cor\u00e9e s\u2019int\u00e9resse au secteur \u00e9nerg\u00e9tique camerounais<\/a><\/strong><\/p>\n<p>Le Projet d\u2019approvisionnement en eau potable dans les zones rurales au Cameroun s\u2019articulera autour de trois composantes\u00a0: la fourniture de syst\u00e8mes d\u2019approvisionnement en eau potable dans les communes cibl\u00e9es, le renforcement des capacit\u00e9s des acteurs et la gestion et suivi-\u00e9valuation de la mise en \u0153uvre du projet. Il est attendu de celui-ci\u00a0: un passage du taux d\u2019acc\u00e8s \u00e0 l\u2019eau potable dans les communes concern\u00e9es de 35,75% \u00e0 85,56%\u00a0; 85% d\u2019ouvrages d\u2019approvisionnement en eau potable \u00e0 construire, 15% d\u2019ouvrages en eau \u00e0 r\u00e9habiliter et 93 comit\u00e9s de gestion des ouvrages d\u2019adduction d\u2019eau potable formes et fonctionnels. Sont impliqu\u00e9s ici : la Koica, la Project Management consultant (entreprise recrut\u00e9e pour l\u2019ex\u00e9cution du projet\u00a0; les minist\u00e8res de l\u2019Economie, de l\u2019Energie et de l\u2019eau, de la D\u00e9centralisation et du d\u00e9veloppement local, de la Sant\u00e9, du Programme national de d\u00e9veloppement participatif et les maires.<\/p>\n<p><strong>Lire aussi<\/strong> : <strong><a href=\"https:\/\/ecomatin.net\/la-coree-du-sud-va-offrir-du-materiel-medical-dune-valeur-de-180-millions-de-f-au-cameroun\/\">La Cor\u00e9e du Sud va offrir du mat\u00e9riel m\u00e9dical d\u2019une valeur de 180 millions de F au Cameroun<\/a><\/strong><\/p>\n<p>Notons ici que dans le cadre de ce ROD, le Cameroun devra verser en guise de contrepartie dans le projet la somme de 542,7 millions de Fcfa, soit 15% du montant global. Destin\u00e9 \u00e0 la gestion du projet ainsi qu\u2019\u00e0 la prise en charge des taxes et droits de douane durant toute la dur\u00e9e d\u2019ex\u00e9cution du projet.<\/p>\n<p><strong>Appuis diverses<\/strong><\/p>\n<p>60 ans d\u00e9j\u00e0 que sont les relations bilat\u00e9rales entre le Cameroun et la Cor\u00e9e existent. \u00c0 travers celle-ci le Cameroun a b\u00e9n\u00e9fici\u00e9 de plusieurs projets financ\u00e9s par la Cor\u00e9e. Notamment la construction du Centre des urgences de Yaound\u00e9\u00a0(Cury)\u00a0; le projet d\u2019\u00e9laboration d\u2019un plan directeur pour le d\u00e9veloppement des \u00e9nergies renouvelables\u00a0; le projet de mise en place des infrastructures publiques cl\u00e9s (PKI)\u00a0; le projet de de construction et d\u2019\u00e9quipement de l\u2019institut national de formation de formateur et de d\u00e9veloppement de programmes, etc.<\/p>\n<p>L\u2019article <a rel=\"nofollow\" href=\"https:\/\/ecomatin.net\/eau-potable-la-koica-octroie-36-milliards-de-fcfa-pour-reduire-le-deficit-dans-4-communes\/\">Eau potable : la Koica octroie 3,6 milliards de Fcfa pour r\u00e9duire le d\u00e9ficit dans 4 communes<\/a> est apparu en premier sur <a rel=\"nofollow\" href=\"https:\/\/ecomatin.net\/\">EcoMatin<\/a>.<\/p>\n<\/div>\n<p>Auteur: Cindy MBALA<br \/>\n<a href=\"https:\/\/ecomatin.net\/eau-potable-la-koica-octroie-36-milliards-de-fcfa-pour-reduire-le-deficit-dans-4-communes\/\">Cliquez ici pour lire l&rsquo;article depuis sa source.<\/a><\/p>\n","protected":false},"excerpt":{"rendered":"<p>Le ministre de l\u2019Economie de la planification et de l\u2019am\u00e9nagement du territoire (Minepat), Alamine Ousmane Mey et le Directeur de l\u2019Agence cor\u00e9enne de coop\u00e9ration internationale (Koica), Lee Gyohong, ont sign\u00e9 le 1er\u00a0juillet dernier un \u00ab\u00a0record of discussion\u00a0\u00bb (ROD), relatif au Projet d\u2019approvisionnement en eau potable\u00a0\u00a0dans les zones rurales du Cameroun. Les communes de Matob et [&hellip;]<\/p>\n","protected":false},"author":1969,"featured_media":0,"comment_status":"closed","ping_status":"closed","sticky":false,"template":"","format":"standard","meta":{"fifu_image_url":"","fifu_image_alt":"","footnotes":""},"categories":[82,78],"tags":[],"class_list":["post-120586","post","type-post","status-publish","format-standard","hentry","category-cameroun","category-economie"],"_links":{"self":[{"href":"https:\/\/linitiative.ca\/International\/wp-json\/wp\/v2\/posts\/120586","targetHints":{"allow":["GET"]}}],"collection":[{"href":"https:\/\/linitiative.ca\/International\/wp-json\/wp\/v2\/posts"}],"about":[{"href":"https:\/\/linitiative.ca\/International\/wp-json\/wp\/v2\/types\/post"}],"author":[{"embeddable":true,"href":"https:\/\/linitiative.ca\/International\/wp-json\/wp\/v2\/users\/1969"}],"replies":[{"embeddable":true,"href":"https:\/\/linitiative.ca\/International\/wp-json\/wp\/v2\/comments?post=120586"}],"version-history":[{"count":0,"href":"https:\/\/linitiative.ca\/International\/wp-json\/wp\/v2\/posts\/120586\/revisions"}],"wp:attachment":[{"href":"https:\/\/linitiative.ca\/International\/wp-json\/wp\/v2\/media?parent=120586"}],"wp:term":[{"taxonomy":"category","embeddable":true,"href":"https:\/\/linitiative.ca\/International\/wp-json\/wp\/v2\/categories?post=120586"},{"taxonomy":"post_tag","embeddable":true,"href":"https:\/\/linitiative.ca\/International\/wp-json\/wp\/v2\/tags?post=120586"}],"curies":[{"name":"wp","href":"https:\/\/api.w.org\/{rel}","templated":true}]}}