{"id":120588,"date":"2021-07-07T06:15:03","date_gmt":"2021-07-07T10:15:03","guid":{"rendered":"https:\/\/linitiative.ca\/International\/cameroun-lancement-ce-7-juillet-dune-campagne-dintensification-de-la-vaccination-contre-le-covid-19\/"},"modified":"2021-07-07T06:15:03","modified_gmt":"2021-07-07T10:15:03","slug":"cameroun-lancement-ce-7-juillet-dune-campagne-dintensification-de-la-vaccination-contre-le-covid-19","status":"publish","type":"post","link":"https:\/\/linitiative.ca\/International\/cameroun-lancement-ce-7-juillet-dune-campagne-dintensification-de-la-vaccination-contre-le-covid-19\/","title":{"rendered":"Cameroun : lancement ce 7 juillet d\u2019une campagne d\u2019intensification de la vaccination contre le Covid-19"},"content":{"rendered":"<div>\n<p><img loading=\"lazy\" decoding=\"async\" width=\"480\" height=\"360\" src=\"https:\/\/linitiative.ca\/International\/wp-content\/uploads\/sites\/23\/2021\/07\/Vaccination-contre-la-Covid-19.jpg\" class=\"attachment-post-thumbnail size-post-thumbnail wp-post-image\" alt=\"\" srcset=\"https:\/\/linitiative.ca\/International\/wp-content\/uploads\/sites\/23\/2021\/07\/Vaccination-contre-la-Covid-19.jpg 480w, https:\/\/www.journalducameroun.com\/wp-content\/uploads\/2021\/02\/Vaccination-contre-la-Covid-19-300x225.jpg 300w\" sizes=\"auto, (max-width: 480px) 100vw, 480px\"><\/p>\n<h5 style=\"text-align: justify;\">Trois mois apr\u00e8s le d\u00e9but de la <strong>vaccination anti Covid-19<\/strong>, ce n\u2019est pas le grand engouement au Cameroun.\u00a0Moins de 200\u00a0000 personnes se sont fait inoculer, malgr\u00e9 l\u2019invite du gouvernement. Le minist\u00e8re de la Sant\u00e9 publique lance ce jour une campagne d\u2019intensification de la vaccination.<\/h5>\n<p style=\"text-align: justify;\">\n<p style=\"text-align: justify;\">L\u2019un des objectifs de la campagne est de vacciner au moins 5000 personnes par jour du 07 au 11 juillet 2021. Elle\u00a0 se d\u00e9roule sur toute l&rsquo;\u00e9tendue du territoire national et concerne toute personne \u00e2g\u00e9e de 18 ans et plus.<\/p>\n<p style=\"text-align: justify;\">\u00ab\u00a0<em>La vaccination sera offerte dans les formations sanitaires ou par les \u00e9quipes mobiles, dans les communaut\u00e9s y compris en porte \u00e0 porte, les lieux de rassemblement comme les march\u00e9s, les lieux de culte, les entreprises et les administrations publiques\u00a0<\/em>\u00bb, explique le ministre de la Sant\u00e9 publique dans un communiqu\u00e9 de presse publi\u00e9 le 16 juin. .<\/p>\n<p style=\"text-align: justify;\"><strong>Manaouda Malachie<\/strong> ajoute que\u00a0: \u00ab\u00a0 <em>l&rsquo;administration du vaccin sera accompagn\u00e9e d&rsquo;une large action de sensibilisation et d&rsquo;explication aux populations. Les populations sont encourag\u00e9es \u00e0 adh\u00e9rer massivement \u00e0 la vaccination contre le Covid-19 pour mettre fin \u00e0 la pand\u00e9mie\u00a0<\/em>\u00bb.<\/p>\n<p style=\"text-align: justify;\">En rappel, pour en finir avec la pand\u00e9mie, le gouvernement a acquis diverses vari\u00e9es de vaccins anti <strong>Covid-19.<\/strong> Pour cette ann\u00e9e 2021, l\u2019objectif est d\u2019inoculer au moins 5 millions de personnes.<\/p>\n<p style=\"text-align: justify;\">\n<p>Cet article <a rel=\"nofollow\" href=\"https:\/\/www.journalducameroun.com\/cameroun-lancement-ce-7-juillet-dune-campagne-dintensification-de-la-vaccination-contre-le-covid-19-cameroun\/\">Cameroun : lancement ce 7 juillet d\u2019une campagne d\u2019intensification de la vaccination contre le Covid-19<\/a> est apparu en premier sur <a rel=\"nofollow\" href=\"https:\/\/www.journalducameroun.com\/\">Journal du Cameroun<\/a>.<\/p>\n<\/div>\n<p>Auteur: Christian DJIMADEU<br \/>\n<a href=\"https:\/\/www.journalducameroun.com\/cameroun-lancement-ce-7-juillet-dune-campagne-dintensification-de-la-vaccination-contre-le-covid-19-cameroun\/\">Cliquez ici pour lire l&rsquo;article depuis sa source.<\/a><\/p>\n","protected":false},"excerpt":{"rendered":"<p>Trois mois apr\u00e8s le d\u00e9but de la vaccination anti Covid-19, ce n\u2019est pas le grand engouement au Cameroun.\u00a0Moins de 200\u00a0000 personnes se sont fait inoculer, malgr\u00e9 l\u2019invite du gouvernement. Le minist\u00e8re de la Sant\u00e9 publique lance ce jour une campagne d\u2019intensification de la vaccination. L\u2019un des objectifs de la campagne est de vacciner au moins [&hellip;]<\/p>\n","protected":false},"author":1965,"featured_media":0,"comment_status":"closed","ping_status":"closed","sticky":false,"template":"","format":"standard","meta":{"fifu_image_url":"https:\/\/www.journalducameroun.com\/wp-content\/uploads\/2021\/02\/Vaccination-contre-la-Covid-19.jpg","fifu_image_alt":"Cameroun : lancement ce 7 juillet d\u2019une campagne d\u2019intensification de la vaccination contre le Covid-19","footnotes":""},"categories":[73,82],"tags":[],"class_list":["post-120588","post","type-post","status-publish","format-standard","hentry","category-actualite","category-cameroun"],"_links":{"self":[{"href":"https:\/\/linitiative.ca\/International\/wp-json\/wp\/v2\/posts\/120588","targetHints":{"allow":["GET"]}}],"collection":[{"href":"https:\/\/linitiative.ca\/International\/wp-json\/wp\/v2\/posts"}],"about":[{"href":"https:\/\/linitiative.ca\/International\/wp-json\/wp\/v2\/types\/post"}],"author":[{"embeddable":true,"href":"https:\/\/linitiative.ca\/International\/wp-json\/wp\/v2\/users\/1965"}],"replies":[{"embeddable":true,"href":"https:\/\/linitiative.ca\/International\/wp-json\/wp\/v2\/comments?post=120588"}],"version-history":[{"count":0,"href":"https:\/\/linitiative.ca\/International\/wp-json\/wp\/v2\/posts\/120588\/revisions"}],"wp:attachment":[{"href":"https:\/\/linitiative.ca\/International\/wp-json\/wp\/v2\/media?parent=120588"}],"wp:term":[{"taxonomy":"category","embeddable":true,"href":"https:\/\/linitiative.ca\/International\/wp-json\/wp\/v2\/categories?post=120588"},{"taxonomy":"post_tag","embeddable":true,"href":"https:\/\/linitiative.ca\/International\/wp-json\/wp\/v2\/tags?post=120588"}],"curies":[{"name":"wp","href":"https:\/\/api.w.org\/{rel}","templated":true}]}}