{"id":120591,"date":"2021-07-07T08:16:54","date_gmt":"2021-07-07T12:16:54","guid":{"rendered":"https:\/\/linitiative.ca\/International\/recompense-le-cameroun-alain-ebobisse-reconduit-a-la-tete-du-fonds-dinvestissement-africa50\/"},"modified":"2021-07-07T08:16:54","modified_gmt":"2021-07-07T12:16:54","slug":"recompense-le-cameroun-alain-ebobisse-reconduit-a-la-tete-du-fonds-dinvestissement-africa50","status":"publish","type":"post","link":"https:\/\/linitiative.ca\/International\/recompense-le-cameroun-alain-ebobisse-reconduit-a-la-tete-du-fonds-dinvestissement-africa50\/","title":{"rendered":"R\u00e9compense : le Cameroun Alain Ebobisse, reconduit \u00e0 la t\u00eate du fonds d\u2019investissement Africa50"},"content":{"rendered":"<div>\n<p>Une nouvelle page s\u2019ouvre pour Alain Ebobiss\u00e9 au sein de la plateforme d\u2019investissement Africa50. Ce dernier vient d\u2019\u00eatre reconduit dans ses fonctions de Directeur g\u00e9n\u00e9ral pour un second mandat. C\u2019\u00e9tait au cours d\u2019une r\u00e9union trimestrielle du conseil d\u2019administration, tenue au mois de juin dernier et qui a \u00e9t\u00e9 favorable \u00e0 l\u2019unanimit\u00e9 pour sa reconduction \u00e0 ce poste.<\/p>\n<p><strong>Lire aussi<\/strong> : <strong><a href=\"https:\/\/ecomatin.net\/afriland-first-bank-cite-dans-une-affaire-de-blanchiment-dargent-en-rdc\/\">Barrage Nachtigal : Le calvaire de la main d\u2019\u0153uvre locale<\/a><\/strong><\/p>\n<p>\u00ab Je suis profond\u00e9ment reconnaissant et touch\u00e9 par le grand privil\u00e8ge de diriger Africa50 pour un deuxi\u00e8me mandat. C\u2019est un v\u00e9ritable honneur et une exp\u00e9rience tr\u00e8s enrichissante pour moi d\u2019avoir eu l\u2019opportunit\u00e9 de contribuer \u00e0 la croissance et \u00e0 la transformation de Africa50 depuis ses premi\u00e8res ann\u00e9es de fonctionnement, pour en faire ce qu\u2019elle est aujourd\u2019hui (\u2026) J\u2019ai h\u00e2te, avec le soutien de notre pr\u00e9sident, de notre conseil d\u2019administration et de mes coll\u00e8gues hautement exp\u00e9riment\u00e9s et d\u00e9vou\u00e9s, de continuer \u00e0 remplir le mandat ambitieux d\u2019Africa50 pour aider \u00e0 acc\u00e9l\u00e9rer la livraison des infrastructures durables sur le continent\u00bb, a confi\u00e9 le nouveau promu.<\/p>\n<p><strong>Lire aussi<\/strong> : <strong><a href=\"https:\/\/ecomatin.net\/barrage-hydroelectrique-gaston-eloundou-essomba-prescrit-la-livraison-a-date-de-nachtigal\/\">Barrage hydro\u00e9lectrique : Gaston Eloundou Essomba prescrit la livraison \u00e0 date de Nachtigal<\/a><\/strong><\/p>\n<p>C\u2019est depuis 2016 qu\u2019Alain Ebobiss\u00e9 a rejoint Africa50, en tant que Directeur g\u00e9n\u00e9ral. Avant \u00e7a, son parcours professionnel indique qu\u2019il a \u00e9t\u00e9 responsable mondiale du Fonds de d\u00e9veloppement de projets d\u2019infrastructures mondiaux du groupe de la Banque mondiale (IFC InfraVentures). A cela s\u2019ajoute l\u2019occupation de plusieurs postes dans les secteurs du service financier en France, dont celui de chef adjoint des projets et des financements structur\u00e9s \u00e0 la Caisse des d\u00e9p\u00f4ts et consignations, bas\u00e9e \u00e0 Paris. Sur le plan acad\u00e9mique, il est titulaire d\u2019une ma\u00eetrise en administration des affaires de l\u2019International school for management development (IMD) de Lausanne, en Suisse.<\/p>\n<p><strong>Lire aussi<\/strong> : <strong><a href=\"https:\/\/ecomatin.net\/sergio-pimenta-en-visite-dinspection-au-cameroun\/\">Sergio Pimenta en visite d\u2019inspection au Cameroun<\/a><\/strong><\/p>\n<p>En rappel, le fonds d\u2019investissement Africa50 a d\u00e9j\u00e0 mobilis\u00e9 878 millions de dollars en capital engag\u00e9 aupr\u00e8s de ses actionnaires. Entre 2016 et 2021, il a investi dans 11 projets d\u2019infrastructure dans 8 pays africains, avec un co\u00fbt total de projets sup\u00e9rieur \u00e0 5 milliards de dollars. A sa cr\u00e9ation, Africa50 a re\u00e7u pour mandat d\u2019aider \u00e0 combler le d\u00e9ficit de financement des infrastructures en Afrique en investissant et en catalysant les investissements priv\u00e9s dans les infrastructures sur le continent.<\/p>\n<p>L\u2019article <a rel=\"nofollow\" href=\"https:\/\/ecomatin.net\/recompense-le-cameroun-alain-ebobisse-reconduit-a-la-tete-du-fonds-dinvestissement-africa50\/\">R\u00e9compense : le Cameroun Alain Ebobisse, reconduit \u00e0 la t\u00eate du fonds d\u2019investissement Africa50<\/a> est apparu en premier sur <a rel=\"nofollow\" href=\"https:\/\/ecomatin.net\/\">EcoMatin<\/a>.<\/p>\n<\/div>\n<p>Auteur: Cindy MBALA<br \/>\n<a href=\"https:\/\/ecomatin.net\/recompense-le-cameroun-alain-ebobisse-reconduit-a-la-tete-du-fonds-dinvestissement-africa50\/\">Cliquez ici pour lire l&rsquo;article depuis sa source.<\/a><\/p>\n","protected":false},"excerpt":{"rendered":"<p>Une nouvelle page s\u2019ouvre pour Alain Ebobiss\u00e9 au sein de la plateforme d\u2019investissement Africa50. Ce dernier vient d\u2019\u00eatre reconduit dans ses fonctions de Directeur g\u00e9n\u00e9ral pour un second mandat. C\u2019\u00e9tait au cours d\u2019une r\u00e9union trimestrielle du conseil d\u2019administration, tenue au mois de juin dernier et qui a \u00e9t\u00e9 favorable \u00e0 l\u2019unanimit\u00e9 pour sa reconduction \u00e0 [&hellip;]<\/p>\n","protected":false},"author":1969,"featured_media":0,"comment_status":"closed","ping_status":"closed","sticky":false,"template":"","format":"standard","meta":{"fifu_image_url":"","fifu_image_alt":"","footnotes":""},"categories":[82,78],"tags":[],"class_list":["post-120591","post","type-post","status-publish","format-standard","hentry","category-cameroun","category-economie"],"_links":{"self":[{"href":"https:\/\/linitiative.ca\/International\/wp-json\/wp\/v2\/posts\/120591","targetHints":{"allow":["GET"]}}],"collection":[{"href":"https:\/\/linitiative.ca\/International\/wp-json\/wp\/v2\/posts"}],"about":[{"href":"https:\/\/linitiative.ca\/International\/wp-json\/wp\/v2\/types\/post"}],"author":[{"embeddable":true,"href":"https:\/\/linitiative.ca\/International\/wp-json\/wp\/v2\/users\/1969"}],"replies":[{"embeddable":true,"href":"https:\/\/linitiative.ca\/International\/wp-json\/wp\/v2\/comments?post=120591"}],"version-history":[{"count":0,"href":"https:\/\/linitiative.ca\/International\/wp-json\/wp\/v2\/posts\/120591\/revisions"}],"wp:attachment":[{"href":"https:\/\/linitiative.ca\/International\/wp-json\/wp\/v2\/media?parent=120591"}],"wp:term":[{"taxonomy":"category","embeddable":true,"href":"https:\/\/linitiative.ca\/International\/wp-json\/wp\/v2\/categories?post=120591"},{"taxonomy":"post_tag","embeddable":true,"href":"https:\/\/linitiative.ca\/International\/wp-json\/wp\/v2\/tags?post=120591"}],"curies":[{"name":"wp","href":"https:\/\/api.w.org\/{rel}","templated":true}]}}