{"id":120592,"date":"2021-07-07T06:18:02","date_gmt":"2021-07-07T10:18:02","guid":{"rendered":"https:\/\/linitiative.ca\/International\/economie-legislation-et-foot-au-menu-de-la-presse-senegalaise\/"},"modified":"2021-07-07T06:18:02","modified_gmt":"2021-07-07T10:18:02","slug":"economie-legislation-et-foot-au-menu-de-la-presse-senegalaise","status":"publish","type":"post","link":"https:\/\/linitiative.ca\/International\/economie-legislation-et-foot-au-menu-de-la-presse-senegalaise\/","title":{"rendered":"Economie, l\u00e9gislation et foot au menu de la presse s\u00e9n\u00e9galaise"},"content":{"rendered":"<div>\n<p><img loading=\"lazy\" decoding=\"async\" width=\"553\" height=\"469\" src=\"https:\/\/linitiative.ca\/International\/wp-content\/uploads\/sites\/23\/2021\/07\/16256530826467.jpg\" class=\"attachment-post-thumbnail size-post-thumbnail wp-post-image\" alt=\"\" srcset=\"https:\/\/linitiative.ca\/International\/wp-content\/uploads\/sites\/23\/2021\/07\/16256530826467.jpg 553w, https:\/\/www.journalducameroun.com\/wp-content\/uploads\/2021\/07\/16256530826467-300x254.jpg 300w, https:\/\/www.journalducameroun.com\/wp-content\/uploads\/2021\/07\/16256530826467-519x440.jpg 519w\" sizes=\"auto, (max-width: 553px) 100vw, 553px\"><\/p>\n<p>Les journaux s\u00e9n\u00e9galais, re\u00e7us mercredi \u00e0 APA, traitent essentiellement de la plateforme industrielle de Diamniadio (p\u00e9riph\u00e9rie de Dakar), du projet de loi portant Code \u00e9lectoral et de la course \u00e0 la pr\u00e9sidence de la f\u00e9d\u00e9ration de football.Le Soleil indique que le S\u00e9n\u00e9gal a franchi, hier mardi, \u00ab un nouveau pas vers l&rsquo;industrialisation \u00bb avec la \u00ab pose de la premi\u00e8re pierre de la phase 2 de la plateforme industrielle de Diamniadio \u00bb.<\/p>\n<p>Le quotidien national pr\u00e9cise que \u00ab l&rsquo;infrastructure (sera) b\u00e2tie sur une superficie de 40 hectares (pour) un investissement de 60 milliards F CFA \u00bb. Pour sa part, Le Quotidien informe que \u00ab Macky (Sall) veut la livraison (du chantier) dans 2 ans \u00bb.\u00a0<\/p>\n<p>Dans les colonnes de ce journal, le chef de l&rsquo;Etat a soulign\u00e9 que la nouvelle plateforme \u00ab comprendra 17 hangars pour abriter des entreprises ainsi qu&rsquo;une cit\u00e9 d&rsquo;habitations pouvant accueillir 1400 personnes avec toutes les commodit\u00e9s urbaines n\u00e9cessaires \u00bb.<\/p>\n<p>Selon L&rsquo;AS, lors de la c\u00e9r\u00e9monie de lancement des travaux, le pr\u00e9sident de la R\u00e9publique a \u00ab adoub\u00e9 \u00bb Moustapha Diop. En effet, dans Lib\u00e9ration, Macky Sall vante les m\u00e9rites du ministre du D\u00e9veloppement industriel et des Petites et Moyennes Industries : \u00ab Tu travailles de mani\u00e8re efficace et tu ne fais pas beaucoup de bruit \u00bb.<\/p>\n<p>Sur un tout autre sujet, WalfQuotidien fait savoir que \u00ab l&rsquo;Assembl\u00e9e nationale (est) convoqu\u00e9e en session extraordinaire \u00bb pour l&rsquo;adoption du Code \u00e9lectoral. Toutefois, ce journal signale que l&rsquo;opposition et le pouvoir ne s&rsquo;entendent pas sur toutes les modifications envisag\u00e9es.<\/p>\n<p>En tout cas, note Vox Populi, le chef de l&rsquo;Etat pr\u00f4ne le mode fast track \u00ab pour faire passer son projet de loi \u00bb portant Code \u00e9lectoral. Car, mentionne ce journal, le texte doit \u00eatre promulgu\u00e9 \u00ab avant le 23 juillet \u00bb afin d&rsquo;\u00eatre en conformit\u00e9 avec le Protocole additionnel de la Communaut\u00e9 \u00e9conomique des Etats de l&rsquo;Afrique de l&rsquo;Ouest (Cedeao) sur la d\u00e9mocratie et la bonne gouvernance.<\/p>\n<p>Sud Quotidien rapporte que les d\u00e9put\u00e9s examineront le projet de loi ce \u00ab jeudi 8 juillet \u00bb dans l&rsquo;apr\u00e8s-midi. Poursuivant, ce journal renseigne que c&rsquo;est le ministre de l&rsquo;Int\u00e9rieur, Antoine F\u00e9lix Diome, qui se chargera de la pr\u00e9sentation.<\/p>\n<p>En sports, L&rsquo;Observateur\u00a0se fait l&rsquo;\u00e9cho de \u00ab la guerre de trois \u00bb qui se dessine lors de l&rsquo;\u00e9lection du pr\u00e9sident de la F\u00e9d\u00e9ration S\u00e9n\u00e9galaise de Football (FSF). A en croire ce quotidien, \u00a0\u00ab apr\u00e8s Mady Tour\u00e9, Me Augustin Senghor (pr\u00e9sident sortant) et Mbaye Diouf Dia ont d\u00e9pos\u00e9 leurs candidatures \u00bb.<\/p>\n<p>De son c\u00f4t\u00e9, Stades ajoute qu&rsquo;il pourrait bien y avoir un autre candidat en la personne de Sa\u00ebr Seck. Mais ce dernier entretient toujours le flou sur ses intentions.<\/p>\n<p>Cet article <a rel=\"nofollow\" href=\"https:\/\/www.journalducameroun.com\/economie-legislation-et-foot-au-menu-de-la-presse-senegalaise\/\">Economie, l\u00e9gislation et foot au menu de la presse s\u00e9n\u00e9galaise<\/a> est apparu en premier sur <a rel=\"nofollow\" href=\"https:\/\/www.journalducameroun.com\/\">Journal du Cameroun<\/a>.<\/p>\n<\/div>\n<p>Auteur: APA News<br \/>\n<a href=\"https:\/\/www.journalducameroun.com\/economie-legislation-et-foot-au-menu-de-la-presse-senegalaise\/\">Cliquez ici pour lire l&rsquo;article depuis sa source.<\/a><\/p>\n","protected":false},"excerpt":{"rendered":"<p>Les journaux s\u00e9n\u00e9galais, re\u00e7us mercredi \u00e0 APA, traitent essentiellement de la plateforme industrielle de Diamniadio (p\u00e9riph\u00e9rie de Dakar), du projet de loi portant Code \u00e9lectoral et de la course \u00e0 la pr\u00e9sidence de la f\u00e9d\u00e9ration de football.Le Soleil indique que le S\u00e9n\u00e9gal a franchi, hier mardi, \u00ab un nouveau pas vers l&rsquo;industrialisation \u00bb avec la [&hellip;]<\/p>\n","protected":false},"author":1965,"featured_media":0,"comment_status":"closed","ping_status":"closed","sticky":false,"template":"","format":"standard","meta":{"fifu_image_url":"https:\/\/www.journalducameroun.com\/wp-content\/uploads\/2021\/07\/16256530826467.jpg","fifu_image_alt":"Economie, l\u00e9gislation et foot au menu de la presse s\u00e9n\u00e9galaise","footnotes":""},"categories":[73,82],"tags":[],"class_list":["post-120592","post","type-post","status-publish","format-standard","hentry","category-actualite","category-cameroun"],"_links":{"self":[{"href":"https:\/\/linitiative.ca\/International\/wp-json\/wp\/v2\/posts\/120592","targetHints":{"allow":["GET"]}}],"collection":[{"href":"https:\/\/linitiative.ca\/International\/wp-json\/wp\/v2\/posts"}],"about":[{"href":"https:\/\/linitiative.ca\/International\/wp-json\/wp\/v2\/types\/post"}],"author":[{"embeddable":true,"href":"https:\/\/linitiative.ca\/International\/wp-json\/wp\/v2\/users\/1965"}],"replies":[{"embeddable":true,"href":"https:\/\/linitiative.ca\/International\/wp-json\/wp\/v2\/comments?post=120592"}],"version-history":[{"count":0,"href":"https:\/\/linitiative.ca\/International\/wp-json\/wp\/v2\/posts\/120592\/revisions"}],"wp:attachment":[{"href":"https:\/\/linitiative.ca\/International\/wp-json\/wp\/v2\/media?parent=120592"}],"wp:term":[{"taxonomy":"category","embeddable":true,"href":"https:\/\/linitiative.ca\/International\/wp-json\/wp\/v2\/categories?post=120592"},{"taxonomy":"post_tag","embeddable":true,"href":"https:\/\/linitiative.ca\/International\/wp-json\/wp\/v2\/tags?post=120592"}],"curies":[{"name":"wp","href":"https:\/\/api.w.org\/{rel}","templated":true}]}}