{"id":120597,"date":"2021-07-06T18:51:43","date_gmt":"2021-07-06T22:51:43","guid":{"rendered":"https:\/\/linitiative.ca\/International\/une-annee-scolaire-sans-cantine-a-komtoega\/"},"modified":"2021-07-06T18:51:43","modified_gmt":"2021-07-06T22:51:43","slug":"une-annee-scolaire-sans-cantine-a-komtoega","status":"publish","type":"post","link":"https:\/\/linitiative.ca\/International\/une-annee-scolaire-sans-cantine-a-komtoega\/","title":{"rendered":"Une ann\u00e9e scolaire sans cantine \u00e0 Komto\u00e8ga"},"content":{"rendered":"<div>\n<p><strong>Une ann\u00e9e scolaire sans cantine \u00e0 Komto\u00e8ga<\/strong><br \/>\nLa situation devient r\u00e9currente dans la commune de Komto\u00e8ga, province du Boulgou (r\u00e9gion du Centre-Est). En effet, selon des informations parvenues \u00e0 Kantigui, depuis la r\u00e9trocession de la gestion des \u00e9coles, et partant des cantines scolaires aux communes, celle de Komto\u00e8ga re\u00e7oit r\u00e9guli\u00e8rement en retard les vivres pour les cantines. Selon une source que Kantigui a jointe au t\u00e9l\u00e9phone, la situation s\u2019est exacerb\u00e9e depuis l\u2019ann\u00e9e scolaire 2019-2020, au cours de laquelle, les vivres ont \u00e9t\u00e9 livr\u00e9s \u00e0 moiti\u00e9, notamment le riz et le nieb\u00e9 (haricot), sans l\u2019huile. \u00ab Cette ann\u00e9e scolaire, les \u00e9l\u00e8ves de la commune de Komto\u00e8ga n\u2019ont pas eu de cantine. Jusqu\u2019\u00e0 l\u2019heure o\u00f9 je vous parle (6 juillet 2021, ndlr), les vivres n\u2019ont pas encore \u00e9t\u00e9 livr\u00e9s \u00bb, a indiqu\u00e9 cette source \u00e0 Kantigui. Malgr\u00e9 des d\u00e9marches entreprises par les syndicats de l\u2019\u00e9ducation de Komto\u00e8ga et l\u2019inspecteur chef de la circonscription d\u2019\u00e9ducation de base, a-t-on expliqu\u00e9 \u00e0 Kantigui, la mairie n\u2019a pas r\u00e9agi, ce qui a suscit\u00e9 le courroux des \u00e9coliers, qui sont sortis, le 10 juin dernier, pour r\u00e9clamer leur d\u00fb \u00e0 l\u2019\u00e9dile de la commune. Quelques jours apr\u00e8s cette sortie des \u00e9l\u00e8ves, des responsables syndicaux auraient \u00e9t\u00e9 entendus par les forces de l\u2019ordre, \u00e0 la suite d\u2019une plainte du bourgmestre, les accusant d\u2019avoir orchestr\u00e9 des actes de vandalisme. Kantigui interpelle les autorit\u00e9s comp\u00e9tentes, afin qu\u2019une solution durable soit trouv\u00e9e \u00e0 l\u2019approvisionnement des cantines, en vue de permettre aux \u00e9l\u00e8ves de Komto\u00e8ga et leurs camarades des autres \u00e9tablissements publics dans la m\u00eame situation de jouir de leurs droits.<\/p>\n<p><strong>\u00ab La clinique du quartier \u00bb qui agace<\/strong><br \/>\nKantigui a appris qu\u2019au secteur 33 (ex-secteur 24) de l\u2019arrondissement 4 de Bobo-Dioulasso, les riverains d\u2019un cabinet de soins seraient m\u00e9contents. Selon une source judiciaire proche du dossier, les consultations avaient commenc\u00e9 en 2015 dans ce cabinet m\u00e9dical qui s\u2019est transform\u00e9 en une clinique, tant les activit\u00e9s m\u00e9dicales<br \/>\ny sont intenses. A en croire la source de Kantigui, des corps sans vie transport\u00e9s sous le regard d\u2019enfants, les odeurs d\u00e9sagr\u00e9ables, les d\u00e9chets biom\u00e9dicaux, les cris des malades et les va-et-vient des v\u00e9hicules et des engins \u00e0 deux roues ont fini par agacer les riverains. Ils ont donc approch\u00e9 la mairie qui, apr\u00e8s des investigations, s\u2019est rendue compte que la clinique avait eu une autorisation d\u2019ouverture. Mais quid de son implantation dans une zone d\u2019habitation ? A cette interrogation, la mairie semble ne pas avoir la r\u00e9ponse. Elle aurait sugg\u00e9r\u00e9 aux riverains de faire une p\u00e9tition. 19 voisins imm\u00e9diats de la clinique ont ainsi sign\u00e9 la p\u00e9tition, dont Kantigui a m\u00eame re\u00e7u copie. Malgr\u00e9 tout, la propri\u00e9taire de la clinique, selon des sources, ne tarde pas \u00e0 jeter \u00e0 leurs figures : \u00ab J\u2019ai pay\u00e9 la parcelle et je suis libre d\u2019en faire ce que je veux \u00bb. Les affaires se portant bien, elle envisagerait, selon les informations en possession de Kantigui, d\u2019ouvrir une autre clinique dans le m\u00eame quartier, presqu\u2019en face de l\u2019actuel cabinet de soins. Se disant que la mairie ne pourra pas r\u00e9soudre leur probl\u00e8me, les riverains ont d\u00e9cid\u00e9 d\u2019intenter contre elle, une proc\u00e9dure judiciaire au Tribunal administratif de Bobo-Dioulasso, \u00e0 l\u2019effet de demander l\u2019annulation des arr\u00eat\u00e9s minist\u00e9riels autorisant la cr\u00e9ation, l\u2019ouverture et l\u2019exploitation de la clinique m\u00e9dicale en zone d\u2019habitation. En attendant que l\u2019affaire ne connaisse un d\u00e9but de jugement, Kantigui a appris que les voisins de la clinique ont d\u00e9pos\u00e9 un autre recours, cette fois-ci contre l\u2019Etat repr\u00e9sent\u00e9 dans le dossier \u00e0 travers l\u2019Agent judiciaire. Kantigui souhaite qu\u2019une solution soit rapidement trouv\u00e9e \u00e0 cette situation qui met \u00e0 mal la cohabitation.<\/p>\n<p><strong>Chefferie dans le Gulmu : le bic\u00e9phalisme s\u2019\u00e9tend \u00e0 plusieurs <\/strong><br \/>\n<strong>villages<\/strong><br \/>\nKantigui, en route pour Bogand\u00e9, chef-lieu de la province de la Gnagna, a fait une escale \u00e0 Komadougou, un village situ\u00e9 \u00e0 environ 10 kilom\u00e8tres de Fada N\u2019Gourma. L\u2019id\u00e9e lui est venue d\u2019aller saluer le chef du village et b\u00e9n\u00e9ficier de ses b\u00e9n\u00e9dictions pour la suite du trajet. Ne connaissant pas le chemin, Kantigui s\u2019est donc renseign\u00e9 aupr\u00e8s d\u2019une doloti\u00e8re sur le chemin qui m\u00e8ne au domicile du notable. \u00ab Lequel des chefs voudrais-tu aller voir ? Car il y en a deux maintenant \u00bb, a-t-elle demand\u00e9. Abasourdi, Kantigui a interrog\u00e9 son interlocutrice sur les motifs de ce double bonnet pour un m\u00eame tr\u00f4ne. A cette question, un amateur de la bi\u00e8re locale qui s\u2019est invit\u00e9 \u00e0 la conversation a r\u00e9pondu : \u00ab Ce sont les chefs de Fada-l\u00e0 qui sont venus les introniser. Chacun a d\u00e9sign\u00e9 son r\u00e9pondant \u00bb. Prenant des renseignements dans le Gulmu, Kantigui s\u2019est rendu compte que cette double intronisation \u00e0 Komadougou a failli provoquer un affrontement entre protagonistes. N\u2019eut \u00e9t\u00e9 l\u2019intervention des Forces de l\u2019ordre, l\u2019on aurait assist\u00e9 \u00e0 une bagarre fratricide dans la ville de Fada N\u2019Gourma o\u00f9 les deux chefs ont s\u00e9journ\u00e9 pendant une semaine, conform\u00e9ment aux normes coutumi\u00e8res. Le gouverneur de la r\u00e9gion de l\u2019Est a donc pris un arr\u00eat\u00e9, le 1er juillet 2021, pour suspendre toute intronisation de chefs traditionnels du ressort de la chefferie coutumi\u00e8re du Gulmu. Un arr\u00eat\u00e9 sans effet dissuasif, puisque le lundi dernier, l\u2019un des rois du Gulmu est all\u00e9 installer son r\u00e9pondant \u00e0 Pi\u00e9la, dans la Gnagna, l\u2019autre l\u2019ayant fait plus t\u00f4t. Outre Pi\u00e9la et Komadougou, le m\u00eame sc\u00e9nario s\u2019est produit dans d\u2019autres localit\u00e9s. A ce rythme, ce bic\u00e9phalisme va s\u2019\u00e9tendre \u00e0 tous les villages relevant coutumi\u00e8rement du Gulmu. Kantigui est profond\u00e9ment inquiet de cette situation qui pourrait contribuer \u00e0 d\u00e9t\u00e9riorer davantage le climat social, d\u00e9j\u00e0 mis \u00e0 mal \u00e0 l\u2019Est du Burkina Faso par l\u2019ins\u00e9curit\u00e9. Ce bic\u00e9phalisme en cascade est la cons\u00e9quence pr\u00e9visible de l\u2019intronisation de deux chefs \u00e0 Fada apr\u00e8s le d\u00e9c\u00e8s du Numbado.<br \/>\nUn Burkinab\u00e8 r\u00e9\u00e9lu vice-pr\u00e9sident de l\u2019Union internationale des jeunes socialistes<br \/>\nLe Burkina Faso continue de s\u2019illustrer \u00e0 l\u2019international. En effet, il est tomb\u00e9 dans l\u2019oreille de Kantigui que lors du congr\u00e8s de l\u2019Union internationale des jeunes socialistes (UIJS), tenu les 18 et 19 juin 2021, \u00e0 Panama par visioconf\u00e9rence, le d\u00e9l\u00e9gu\u00e9 du Mouvement du peuple pour le progr\u00e8s (MPP), Amed Tiendreb\u00e9ogo, a \u00e9t\u00e9 r\u00e9\u00e9lu au poste de vice-pr\u00e9sident. Le secr\u00e9tariat g\u00e9n\u00e9ral a \u00e9t\u00e9 confi\u00e9 au Portugais Bruno Gon\u00e7alves et la pr\u00e9sidence de l\u2019UIJS \u00e9choit au V\u00e9n\u00e9zu\u00e9lien, J\u00e9sus Tapis. Kantigui qui a f\u00e9licit\u00e9 ce jeune Burkinab\u00e8 l\u2019invite \u00e0 \u0153uvrer \u00e0 la mise en \u0153uvre des conclusions des travaux du dernier congr\u00e8s de l\u2019Union sur le th\u00e8me : \u00ab La num\u00e9risation et la d\u00e9mocratie : risques et opportunit\u00e9s \u00bb. Cela est d\u2019 autant plus important que les<br \/>\ngouvernements, par leur pouvoir de r\u00e9glementation, doivent veiller \u00e0 ce que les fournisseurs de services ne s\u2019engagent pas dans des mod\u00e8les commerciaux d\u2019exploitation qui rendent les co\u00fbts de l\u2019internet on\u00e9reux.<\/p>\n<p><strong>BAC 2021 : le candidat le plus \u00e2g\u00e9 a 64 ans<\/strong><br \/>\n154 775 candidats composeront l\u2019examen du Baccalaur\u00e9at 2021 sur l\u2019ensemble du territoire national, \u00e0 compter de demain 8 juillet 2021. C\u2019est l\u2019information parvenue \u00e0 Kantigui. En fouillant davantage, il a appris que cet effectif se compose de 85 642 gar\u00e7ons (55,33 %) et 69 133 filles. Kantigui note \u00e9galement 27 598 candidats libres, soit 15 527 gar\u00e7ons et 12 071 filles. \u00ab Le candidat le plus jeune est n\u00e9 le 17 novembre 2006 \u00e0 Ouagadougou et le plus \u00e2g\u00e9 est n\u00e9 le 22 septembre 1957 \u00e0 Tenkodogo \u00bb, a-t-on souffl\u00e9 \u00e0 Kantigui.<br \/>\nC\u2019est dire que le plus jeune a 15 ans et le plus \u00e2g\u00e9, 64 ans. Cette ann\u00e9e, les candidats \u00e0 l\u2019examen du Baccalaur\u00e9at sont r\u00e9partis dans 579 jurys, soit 108 jurys de plus qu\u2019en 2020. Ces jurys sont log\u00e9s dans 331 centres d\u2019examen r\u00e9partis sur toute l\u2019\u00e9tendue du territoire national. En mati\u00e8re d\u2019innovation, a-t-on pr\u00e9cis\u00e9 \u00e0 Kantigui, on enregistre trois nouvelles options du Baccalaur\u00e9at professionnel. Il s\u2019agit des options Froid et climatisation, Transformation des viandes et \u0153ufs et Energie solaire. Comparativement \u00e0 la session de 2020, il y a une augmentation de 28 970 candidats, ce qui correspond \u00e0 une hausse de 23,03 % de l\u2019effectif. Les acteurs directs sont estim\u00e9s \u00e0 52 869 et compos\u00e9s essentiellement des pr\u00e9sidents de jurys, des secr\u00e9taires de jurys, des encadreurs p\u00e9dagogiques, des surveillants, des correcteurs, des chefs de centres et leurs adjoints, des man\u0153uvres, des directeurs r\u00e9gionaux et des superviseurs.<\/p>\n<p><strong>Vaccin Astrazeneca : pas d\u2019inqui\u00e9tude pour les voyageurs <\/strong><strong>burkinab\u00e8<\/strong><br \/>\nKantigui a appris, \u00e0 travers un article de presse diffus\u00e9 sur le site web d\u2019une radio internationale, que le vaccin Astrazeneca, fabriqu\u00e9 sous licence en Inde et distribu\u00e9 par l\u2019initiative COVAX, n\u2019est \u00e0 ce jour pas valid\u00e9 par l\u2019Agence europ\u00e9enne du m\u00e9dicament (EMA). Etant donn\u00e9 que le sujet fait pol\u00e9mique au Mali voisin, Kantigui a voulu en savoir davantage. Il ressort, selon des sources sanitaires introduites, qu\u2019au Burkina Faso, le vaccin Astrazeneca obtenu \u00e0 travers le m\u00e9canisme COVAX est un don de la France.<br \/>\n\u00ab Il a \u00e9t\u00e9 pris dans les stocks fran\u00e7ais. Il s\u2019agit donc du vaccin europ\u00e9en et pas indien \u00bb, a pr\u00e9cis\u00e9 la source de Kantigui. Elle a poursuivi que par cons\u00e9quent, il n\u2019y a aucun souci \u00e0 se faire pour les voyages des Burkinab\u00e8 en France avec cette vaccination \u00e0 condition d\u2019avoir un sch\u00e9ma complet (2 doses + 2 semaines). Quant \u00e0 la situation du Mali, il est revenu \u00e0 Kantigui qu\u2019elle devrait se r\u00e9gler sous peu. L\u2019Europe devrait reconna\u00eetre le vaccin utilis\u00e9 dans ce pays, d\u2019autant plus que l\u2019OMS le reconna\u00eet comme interchangeable avec le Astarzeneca europ\u00e9en utilis\u00e9 en France.<\/p>\n<p><strong>Un projet pour appuyer l\u2019insertion professionnelle des jeunes<\/strong><br \/>\nKantigui a ou\u00ef dire que le ministre de la Jeunesse, de la Promotion de l\u2019entrepreneuriat et de l\u2019emploi, Salifo Tiemtor\u00e9, proc\u00e8dera au lancement du Projet d\u2019appui \u00e0 l\u2019insertion des jeunes de la r\u00e9gion du Centre-Est (PAIJ-CE), demain jeudi 8 juillet 2021 \u00e0 Tenkodogo, dans l\u2019enceinte de la direction r\u00e9gionale de l\u2019Agence nationale pour l\u2019emploi (ANPE) du Centre-Est.<br \/>\nL\u2019objectif de ce lancement, selon les sources de Kantigui, est d\u2019informer les acteurs locaux, les partenaires du projet, les jeunes et la population du Centre-Est du d\u00e9marrage effectif des activit\u00e9s du PAIJ-CE dans la r\u00e9gion. Par ailleurs, Kantigui a \u00e9t\u00e9 inform\u00e9 que le projet sera ex\u00e9cut\u00e9 par l\u2019ANPE\/Centre-Est et s\u2019inscrit dans la dynamique de la mise en route de la r\u00e9forme de l\u2019ANPE et d\u2019am\u00e9lioration des conditions d\u2019insertion des jeunes, principalement dans le tissu \u00e9conomique r\u00e9gional. Le PAIJ-CE, aux dires des sources de Kantigui, vise \u00e0 am\u00e9liorer le niveau d\u2019insertion des jeunes dans l\u2019emploi en partenariat avec les acteurs locaux de la r\u00e9gion. Il est articul\u00e9 autour d\u2019actions de d\u00e9veloppement des comp\u00e9tences professionnelles, de renforcement des capacit\u00e9s entrepreneuriales des jeunes et de renforcement des capacit\u00e9s du bureau r\u00e9gional de l\u2019emploi. Ainsi, le PAIJ-CE entend faire face \u00e0 la demande des entreprises locales et cr\u00e9er des opportunit\u00e9s d\u2019emplois de qualit\u00e9 pour les jeunes.<\/p>\n<p>\u00a0<\/p>\n<p style=\"text-align: right\"><strong>Kantigui<\/strong><br \/>\n<strong>kantigui2000@gmail.com<\/strong><br \/>\n<strong>(+226) 25 31 22 89<\/strong><\/p>\n<p>L\u2019article <a rel=\"nofollow\" href=\"https:\/\/www.sidwaya.info\/blog\/2021\/07\/06\/une-annee-scolaire-sans-cantine-a-komtoega\/\">Une ann\u00e9e scolaire sans cantine \u00e0 Komto\u00e8ga<\/a> est apparu en premier sur <a rel=\"nofollow\" href=\"https:\/\/www.sidwaya.info\/\">Quotidien Sidwaya<\/a>.<\/p>\n<\/div>\n<p>Auteur: BM. Sidwaya<br \/>\n<a href=\"https:\/\/www.sidwaya.info\/blog\/2021\/07\/06\/une-annee-scolaire-sans-cantine-a-komtoega\/\">Cliquez ici pour lire l&rsquo;article depuis sa source.<\/a><\/p>\n","protected":false},"excerpt":{"rendered":"<p>Une ann\u00e9e scolaire sans cantine \u00e0 Komto\u00e8ga La situation devient r\u00e9currente dans la commune de Komto\u00e8ga, province du Boulgou (r\u00e9gion du Centre-Est). En effet, selon des informations parvenues \u00e0 Kantigui, depuis la r\u00e9trocession de la gestion des \u00e9coles, et partant des cantines scolaires aux communes, celle de Komto\u00e8ga re\u00e7oit r\u00e9guli\u00e8rement en retard les vivres pour [&hellip;]<\/p>\n","protected":false},"author":1816,"featured_media":0,"comment_status":"closed","ping_status":"closed","sticky":false,"template":"","format":"standard","meta":{"fifu_image_url":"","fifu_image_alt":"","footnotes":""},"categories":[73,81],"tags":[],"class_list":["post-120597","post","type-post","status-publish","format-standard","hentry","category-actualite","category-burkina-faso"],"_links":{"self":[{"href":"https:\/\/linitiative.ca\/International\/wp-json\/wp\/v2\/posts\/120597","targetHints":{"allow":["GET"]}}],"collection":[{"href":"https:\/\/linitiative.ca\/International\/wp-json\/wp\/v2\/posts"}],"about":[{"href":"https:\/\/linitiative.ca\/International\/wp-json\/wp\/v2\/types\/post"}],"author":[{"embeddable":true,"href":"https:\/\/linitiative.ca\/International\/wp-json\/wp\/v2\/users\/1816"}],"replies":[{"embeddable":true,"href":"https:\/\/linitiative.ca\/International\/wp-json\/wp\/v2\/comments?post=120597"}],"version-history":[{"count":0,"href":"https:\/\/linitiative.ca\/International\/wp-json\/wp\/v2\/posts\/120597\/revisions"}],"wp:attachment":[{"href":"https:\/\/linitiative.ca\/International\/wp-json\/wp\/v2\/media?parent=120597"}],"wp:term":[{"taxonomy":"category","embeddable":true,"href":"https:\/\/linitiative.ca\/International\/wp-json\/wp\/v2\/categories?post=120597"},{"taxonomy":"post_tag","embeddable":true,"href":"https:\/\/linitiative.ca\/International\/wp-json\/wp\/v2\/tags?post=120597"}],"curies":[{"name":"wp","href":"https:\/\/api.w.org\/{rel}","templated":true}]}}