{"id":120603,"date":"2021-07-07T09:24:57","date_gmt":"2021-07-07T13:24:57","guid":{"rendered":"https:\/\/linitiative.ca\/International\/tunisie-abdelkarim-harouni-appelle-a-politiser-la-kasbah\/"},"modified":"2021-07-07T09:24:57","modified_gmt":"2021-07-07T13:24:57","slug":"tunisie-abdelkarim-harouni-appelle-a-politiser-la-kasbah","status":"publish","type":"post","link":"https:\/\/linitiative.ca\/International\/tunisie-abdelkarim-harouni-appelle-a-politiser-la-kasbah\/","title":{"rendered":"Tunisie: Abdelkarim Harouni appelle \u00e0 politiser La Kasbah"},"content":{"rendered":"<div>\n<p>Commentant la crise politique dans le pays, le pr\u00e9sident du Conseil de la Choura et dirigeant du Mouvement Ennahdha Abdelkarim Harouni a r\u00e9v\u00e9l\u00e9 que le vrai probl\u00e8me r\u00e9side dans la nature du gouvernement. \u201cIl y a un grand probl\u00e8me \u00e0 la Kasbah. Certains agents administratifs sont en train de d\u00e9passer leurs limites sans aucun respect [\u2026]<\/p>\n<p>L\u2019article <a href=\"https:\/\/www.tunisienumerique.com\/tunisie-abdelkarim-harouni-appelle-a-politiser-la-kasbah\/\">Tunisie: Abdelkarim Harouni appelle \u00e0 politiser La Kasbah<\/a> est apparu en premier sur <a href=\"https:\/\/www.tunisienumerique.com\/\">Tunisie<\/a>.<\/p>\n<\/div>\n<p>Auteur: D .<br \/>\n<a href=\"https:\/\/www.tunisienumerique.com\/tunisie-abdelkarim-harouni-appelle-a-politiser-la-kasbah\/\">Cliquez ici pour lire l&rsquo;article depuis sa source.<\/a><\/p>\n","protected":false},"excerpt":{"rendered":"<p>Commentant la crise politique dans le pays, le pr\u00e9sident du Conseil de la Choura et dirigeant du Mouvement Ennahdha Abdelkarim Harouni a r\u00e9v\u00e9l\u00e9 que le vrai probl\u00e8me r\u00e9side dans la nature du gouvernement. \u201cIl y a un grand probl\u00e8me \u00e0 la Kasbah. Certains agents administratifs sont en train de d\u00e9passer leurs limites sans aucun respect [&hellip;]<\/p>\n","protected":false},"author":1789,"featured_media":0,"comment_status":"closed","ping_status":"closed","sticky":false,"template":"","format":"standard","meta":{"fifu_image_url":"","fifu_image_alt":"","footnotes":""},"categories":[73,55],"tags":[],"class_list":["post-120603","post","type-post","status-publish","format-standard","hentry","category-actualite","category-tunisie"],"_links":{"self":[{"href":"https:\/\/linitiative.ca\/International\/wp-json\/wp\/v2\/posts\/120603","targetHints":{"allow":["GET"]}}],"collection":[{"href":"https:\/\/linitiative.ca\/International\/wp-json\/wp\/v2\/posts"}],"about":[{"href":"https:\/\/linitiative.ca\/International\/wp-json\/wp\/v2\/types\/post"}],"author":[{"embeddable":true,"href":"https:\/\/linitiative.ca\/International\/wp-json\/wp\/v2\/users\/1789"}],"replies":[{"embeddable":true,"href":"https:\/\/linitiative.ca\/International\/wp-json\/wp\/v2\/comments?post=120603"}],"version-history":[{"count":0,"href":"https:\/\/linitiative.ca\/International\/wp-json\/wp\/v2\/posts\/120603\/revisions"}],"wp:attachment":[{"href":"https:\/\/linitiative.ca\/International\/wp-json\/wp\/v2\/media?parent=120603"}],"wp:term":[{"taxonomy":"category","embeddable":true,"href":"https:\/\/linitiative.ca\/International\/wp-json\/wp\/v2\/categories?post=120603"},{"taxonomy":"post_tag","embeddable":true,"href":"https:\/\/linitiative.ca\/International\/wp-json\/wp\/v2\/tags?post=120603"}],"curies":[{"name":"wp","href":"https:\/\/api.w.org\/{rel}","templated":true}]}}