{"id":120606,"date":"2021-07-06T16:06:27","date_gmt":"2021-07-06T20:06:27","guid":{"rendered":"https:\/\/linitiative.ca\/International\/berkane-journee-detude-sur-la-creation-dentreprises-agricoles\/"},"modified":"2021-07-06T16:06:27","modified_gmt":"2021-07-06T20:06:27","slug":"berkane-journee-detude-sur-la-creation-dentreprises-agricoles","status":"publish","type":"post","link":"https:\/\/linitiative.ca\/International\/berkane-journee-detude-sur-la-creation-dentreprises-agricoles\/","title":{"rendered":"Berkane : Journ\u00e9e d\u2019\u00e9tude sur la cr\u00e9ation d\u2019entreprises agricoles"},"content":{"rendered":"<div>\n<div style=\"margin-bottom:20px;\"><img loading=\"lazy\" decoding=\"async\" width=\"750\" height=\"430\" src=\"https:\/\/linitiative.ca\/International\/wp-content\/uploads\/sites\/23\/2021\/07\/La-ville-de-berkan-M750C397430-MAP.jpg\" class=\"attachment-post-thumbnail size-post-thumbnail wp-post-image\" alt=\"\" srcset=\"https:\/\/linitiative.ca\/International\/wp-content\/uploads\/sites\/23\/2021\/07\/La-ville-de-berkan-M750C397430-MAP.jpg 750w, http:\/\/www.mapoujda.ma\/map\/uploads\/2020\/05\/La-ville-de-berkan-M750\u00d7430-MAP-300x172.jpg 300w\" sizes=\"auto, (max-width: 750px) 100vw, 750px\"><\/div>\n<div>\n<p style=\"text-align: justify;\">L\u2019Agropole de Berkane a abrit\u00e9, mardi, une journ\u00e9e d\u2019\u00e9tude r\u00e9gionale sur la cr\u00e9ation d\u2019entreprises agricoles au profit des jeunes ruraux.<\/p>\n<p style=\"text-align: justify;\">Organis\u00e9e par la Direction r\u00e9gionale de l\u2019Office National du Conseil Agricole (ONCA), cette initiative s\u2019inscrit dans la d\u00e9clinaison de la nouvelle strat\u00e9gie \u00abG\u00e9n\u00e9ration Green\u00bb, et particuli\u00e8rement l\u2019encouragement de l\u2019entreprenariat chez les jeunes et les femmes dans le monde rural, indique un communiqu\u00e9 de la Direction r\u00e9gionale de l\u2019Agriculture de l\u2019Oriental.<\/p>\n<p style=\"text-align: justify;\">Les interventions lors de cette manifestation, \u00e0 laquelle ont pris part l\u2019ensemble des partenaires de l\u2019ONCA, \u00e0 savoir le Groupe Cr\u00e9dit agricole du Maroc, la Direction r\u00e9gionale de l\u2019Agriculture de l\u2019Oriental, et les repr\u00e9sentants des organisations professionnelles agricoles op\u00e9rantes dans l\u2019Oriental, ont port\u00e9 sur l\u2019encouragement et la sensibilisation des jeunes et des femmes sur la cr\u00e9ation des coop\u00e9ratives agricoles entrepreneuriales.<\/p>\n<p style=\"text-align: justify;\">La m\u00eame source souligne dans ce contexte que l\u2019Office National du Conseil Agricole a cr\u00e9\u00e9 un Centre r\u00e9gional des jeunes entrepreneurs agricoles, au niveau de l\u2019Agropole de Berkane, avec pour objectif d\u2019accompagner les porteurs de projet en termes de d\u00e9marche, d\u2019\u00e9laboration des business plans et de recherche de financement.<\/p>\n<p style=\"text-align: justify;\">Ce Centre a \u00e9t\u00e9 inaugur\u00e9 en mars dernier lors d\u2019une visite effectu\u00e9e \u00e0 la r\u00e9gion de l\u2019Oriental par le ministre de l\u2019Agriculture, de la P\u00eache maritime, du D\u00e9veloppement rural et des Eaux et For\u00eats.<\/p>\n<p style=\"text-align: justify;\">La journ\u00e9e d\u2019\u00e9tude r\u00e9gionale a \u00e9t\u00e9 marqu\u00e9e aussi par des pr\u00e9sentations ax\u00e9es globalement sur les d\u00e9marches de l\u2019accompagnement des jeunes du monde rural porteurs d\u2019id\u00e9es de projets d\u2019entrepreneuriat, les opportunit\u00e9s offertes ainsi que les sources de financement.<\/p>\n<p style=\"text-align: justify;\">Des t\u00e9moignages de cas r\u00e9ussis de coop\u00e9ratives entrepreneuriales et d\u2019auto-entrepreneurs \u00e9taient \u00e9galement au menu de cette rencontre.<\/p>\n<\/div>\n<p>L\u2019article <a rel=\"nofollow\" href=\"http:\/\/www.mapoujda.ma\/fr\/berkane-journee-detude-sur-la-creation-dentreprises-agricoles\/\">Berkane : Journ\u00e9e d\u2019\u00e9tude sur la cr\u00e9ation d\u2019entreprises agricoles<\/a> est apparu en premier sur <a rel=\"nofollow\" href=\"http:\/\/www.mapoujda.ma\/fr\">MapOujda<\/a>.<\/p>\n<\/div>\n<p>Auteur: Soufiane ELAHMAR<br \/>\n<a href=\"http:\/\/www.mapoujda.ma\/fr\/berkane-journee-detude-sur-la-creation-dentreprises-agricoles\/\">Cliquez ici pour lire l&rsquo;article depuis sa source.<\/a><\/p>\n","protected":false},"excerpt":{"rendered":"<p>L\u2019Agropole de Berkane a abrit\u00e9, mardi, une journ\u00e9e d\u2019\u00e9tude r\u00e9gionale sur la cr\u00e9ation d\u2019entreprises agricoles au profit des jeunes ruraux. Organis\u00e9e par la Direction r\u00e9gionale de l\u2019Office National du Conseil Agricole (ONCA), cette initiative s\u2019inscrit dans la d\u00e9clinaison de la nouvelle strat\u00e9gie \u00abG\u00e9n\u00e9ration Green\u00bb, et particuli\u00e8rement l\u2019encouragement de l\u2019entreprenariat chez les jeunes et les femmes [&hellip;]<\/p>\n","protected":false},"author":1788,"featured_media":0,"comment_status":"closed","ping_status":"closed","sticky":false,"template":"","format":"standard","meta":{"fifu_image_url":"http:\/\/www.mapoujda.ma\/map\/uploads\/2020\/05\/La-ville-de-berkan-M750\u00d7430-MAP.jpg","fifu_image_alt":"Berkane : Journ\u00e9e d\u2019\u00e9tude sur la cr\u00e9ation d\u2019entreprises agricoles","footnotes":""},"categories":[54,76],"tags":[],"class_list":["post-120606","post","type-post","status-publish","format-standard","hentry","category-maroc","category-regions"],"_links":{"self":[{"href":"https:\/\/linitiative.ca\/International\/wp-json\/wp\/v2\/posts\/120606","targetHints":{"allow":["GET"]}}],"collection":[{"href":"https:\/\/linitiative.ca\/International\/wp-json\/wp\/v2\/posts"}],"about":[{"href":"https:\/\/linitiative.ca\/International\/wp-json\/wp\/v2\/types\/post"}],"author":[{"embeddable":true,"href":"https:\/\/linitiative.ca\/International\/wp-json\/wp\/v2\/users\/1788"}],"replies":[{"embeddable":true,"href":"https:\/\/linitiative.ca\/International\/wp-json\/wp\/v2\/comments?post=120606"}],"version-history":[{"count":0,"href":"https:\/\/linitiative.ca\/International\/wp-json\/wp\/v2\/posts\/120606\/revisions"}],"wp:attachment":[{"href":"https:\/\/linitiative.ca\/International\/wp-json\/wp\/v2\/media?parent=120606"}],"wp:term":[{"taxonomy":"category","embeddable":true,"href":"https:\/\/linitiative.ca\/International\/wp-json\/wp\/v2\/categories?post=120606"},{"taxonomy":"post_tag","embeddable":true,"href":"https:\/\/linitiative.ca\/International\/wp-json\/wp\/v2\/tags?post=120606"}],"curies":[{"name":"wp","href":"https:\/\/api.w.org\/{rel}","templated":true}]}}