{"id":120607,"date":"2021-07-06T18:48:31","date_gmt":"2021-07-06T22:48:31","guid":{"rendered":"https:\/\/linitiative.ca\/International\/la-caravane-de-lentrepreneuriat-en-quete-de-jeunes-entrepreneurs\/"},"modified":"2021-07-06T18:48:31","modified_gmt":"2021-07-06T22:48:31","slug":"la-caravane-de-lentrepreneuriat-en-quete-de-jeunes-entrepreneurs","status":"publish","type":"post","link":"https:\/\/linitiative.ca\/International\/la-caravane-de-lentrepreneuriat-en-quete-de-jeunes-entrepreneurs\/","title":{"rendered":"La Caravane de l\u2019entrepreneuriat en qu\u00eate de jeunes entrepreneurs"},"content":{"rendered":"<div>\n<div style=\"margin-bottom:20px;\"><img loading=\"lazy\" decoding=\"async\" width=\"750\" height=\"430\" src=\"https:\/\/linitiative.ca\/International\/wp-content\/uploads\/sites\/23\/2021\/07\/caravane-entrepreneuriat-copier.jpg\" class=\"attachment-post-thumbnail size-post-thumbnail wp-post-image\" alt=\"\" srcset=\"https:\/\/linitiative.ca\/International\/wp-content\/uploads\/sites\/23\/2021\/07\/caravane-entrepreneuriat-copier.jpg 750w, http:\/\/www.mapmarrakech.ma\/map\/uploads\/2021\/07\/caravane-entrepreneuriat-copier-300x172.jpg 300w\" sizes=\"auto, (max-width: 750px) 100vw, 750px\"><\/div>\n<p>Lanc\u00e9e en partenariat avec la Wilaya de la r\u00e9gion Marrakech- Safi, les provinces relevant de cette partie du territoire national, les autorit\u00e9s locales, la Caisse Centrale de Garantie (CCG), l\u2019Agence Nationale pour la Promotion de l\u2019Emploi et des Comp\u00e9tences (ANAPEC) et les banques partenaires, cette Caravane a pour objectif d\u2019engager une dynamique entrepreneuriale efficace et pertinente au c\u0153ur des lieux de r\u00e9sidence des personnes cibl\u00e9es, et plus pr\u00e9cis\u00e9ment dans le monde rural, indique le CRI de Marrakech- Safi dans un communiqu\u00e9.<\/p>\n<p>A partir du 6 et jusqu\u2019au 31 juillet courant, la Caravane sillonnera chaque province, portant la missive d\u2019informer les jeunes potentiellement porteurs de projets sur les diff\u00e9rents programmes et initiatives d\u2019accompagnement et de soutien \u00e0 la cr\u00e9ation d\u2019entreprises.<\/p>\n<p>Et la m\u00eame source de poursuivre qu\u2019il s\u2019agit du \u00ab\u00a0Programme National Int\u00e9gr\u00e9 d\u2019Appui et de Financement de l\u2019Entreprenariat (PIAFE) initi\u00e9 par Sa Majest\u00e9 le Roi Mohammed VI, et le Programme d\u2019Inclusion Economique des Jeunes, pilot\u00e9 par la Banque Mondiale (BM), en partenariat avec l\u2019Initiative Nationale pour le D\u00e9veloppement Humain (INDH) \u00e0 travers lequel, les jeunes peuvent acc\u00e9der \u00e0 des formations via des structures d\u00e9di\u00e9es et se voir ainsi, octroyer une subvention \u00e0 la fin de leur parcours.<\/p>\n<p>L\u2019ensemble de ces programmes, tient \u00e0 pr\u00e9ciser le CRI de Marrakech- Safi, permettront \u00e0 la jeune population rurale de conna\u00eetre et de saisir la d\u00e9marche entrepreneuriale, d\u2019apprendre toutes les modalit\u00e9s de d\u00e9p\u00f4ts de dossier pour cr\u00e9er une TPE (Toute Petite Entreprise) ou une PME (Petite et Moyenne Entreprise) ainsi que le processus de s\u00e9lection des projets soutenus par les programmes.<\/p>\n<p>\u00ab\u00a0Il va sans dire que cette d\u00e9marche, s\u2019inscrit au c\u0153ur de la r\u00e9forme des Centres R\u00e9gionaux de l\u2019Investissement, lanc\u00e9e par Sa Majest\u00e9 Le Roi Mohammed VI, dans l\u2019objectif d\u2019\u00e9largir la vision de l\u2019entrepreneuriat chez les jeunes porteurs de projets et de cr\u00e9er une dynamique de micro-entreprises p\u00e9renne\u00a0\u00bb, lit-on dans le communiqu\u00e9.<\/p>\n<p>Ainsi, et tenant compte de la crise \u00e9conomique que conna\u00eet le Maroc et le monde \u00e0 cause de la pand\u00e9mie du nouveau coronavirus (Covid-19), \u00ab\u00a0la Caravane de l\u2019Entrepreneuriat\u00a0\u00bb ambitionne de sensibiliser les jeunes \u00e0 cr\u00e9er leurs propres activit\u00e9s \u00e0 revenus, tout en leur pr\u00e9sentant l\u2019ensemble des offres disponibles et les soutenir \u00e0 concr\u00e9tiser leurs projets sur le terrain \u00e0 savoir : les d\u00e9marches administratives, le financement et la gestion, tient \u00e0 expliquer le CRI de Marrakech- Safi.<\/p>\n<p>Dans une d\u00e9marche de proximit\u00e9, \u00ab\u00a0la Caravane de l\u2019Entrepreneuriat\u00a0\u00bb se propose donc, de consolider et d\u2019\u00e9tablir une reconnaissance des obstacles que les jeunes entrepreneurs rencontrent.<\/p>\n<p>Le CRI Marrakech Safi, aux c\u00f4t\u00e9s de ses partenaires, ambitionne d\u2019augmenter le nombre des projets cr\u00e9\u00e9s et d\u2019\u00e9largir le tissu entrepreneurial \u00e0 travers l\u2019information efficace et les actions percutantes, ajoute la m\u00eame source.<\/p>\n<p>A noter que le CRI de Marrakech-Safi \u0153uvre dans la perspective de d\u00e9velopper les investissements \u00e0 petit ou \u00e0 grand volume. Pour ce faire, Le CRI assure un climat d\u2019investissement propice qui influe le d\u00e9sir des entreprises d\u2019investir \u00e0 des fins productives. L\u2019objectif \u00e9tant d\u2019adopter une strat\u00e9gie d\u2019investissement en infrastructures pour influencer le d\u00e9veloppement \u00e9conomique au niveau r\u00e9gional.<\/p>\n<p>Le CRI de Marrakech- Safi, rappelle-t-on, a mis en place des proc\u00e9d\u00e9s visant \u00e0 \u00e9tablir un fondement au profit des investisseurs notamment : l\u2019aide \u00e0 la cr\u00e9ation de l\u2019entreprise, \u00e0 travers un interlocuteur unique (formulaire unique), l\u2019accompagnement d\u2019un conseil permanent quant aux d\u00e9marches administratives en termes de cr\u00e9ation d\u2019entreprises, notant que l\u2019appui aux investisseurs se traduit par l\u2019accompagnement, et l\u2019\u00e9tude des demandes d\u2019autorisations.<\/p>\n<p>The post <a rel=\"nofollow\" href=\"http:\/\/www.mapmarrakech.ma\/fr\/la-caravane-de-lentrepreneuriat-en-quete-de-jeunes-entrepreneurs\/\">La Caravane de l\u2019entrepreneuriat en qu\u00eate de jeunes entrepreneurs<\/a> appeared first on <a rel=\"nofollow\" href=\"http:\/\/www.mapmarrakech.ma\/fr\">MapMarrakech<\/a>.<\/p>\n<\/div>\n<p>Auteur: Meriem IGASS<br \/>\n<a href=\"http:\/\/www.mapmarrakech.ma\/fr\/la-caravane-de-lentrepreneuriat-en-quete-de-jeunes-entrepreneurs\/\">Cliquez ici pour lire l&rsquo;article depuis sa source.<\/a><\/p>\n","protected":false},"excerpt":{"rendered":"<p>Lanc\u00e9e en partenariat avec la Wilaya de la r\u00e9gion Marrakech- Safi, les provinces relevant de cette partie du territoire national, les autorit\u00e9s locales, la Caisse Centrale de Garantie (CCG), l\u2019Agence Nationale pour la Promotion de l\u2019Emploi et des Comp\u00e9tences (ANAPEC) et les banques partenaires, cette Caravane a pour objectif d\u2019engager une dynamique entrepreneuriale efficace et [&hellip;]<\/p>\n","protected":false},"author":1788,"featured_media":0,"comment_status":"closed","ping_status":"closed","sticky":false,"template":"","format":"standard","meta":{"fifu_image_url":"http:\/\/www.mapmarrakech.ma\/map\/uploads\/2021\/07\/caravane-entrepreneuriat-copier.jpg","fifu_image_alt":"La Caravane de l\u2019entrepreneuriat en qu\u00eate de jeunes entrepreneurs","footnotes":""},"categories":[54,76],"tags":[],"class_list":["post-120607","post","type-post","status-publish","format-standard","hentry","category-maroc","category-regions"],"_links":{"self":[{"href":"https:\/\/linitiative.ca\/International\/wp-json\/wp\/v2\/posts\/120607","targetHints":{"allow":["GET"]}}],"collection":[{"href":"https:\/\/linitiative.ca\/International\/wp-json\/wp\/v2\/posts"}],"about":[{"href":"https:\/\/linitiative.ca\/International\/wp-json\/wp\/v2\/types\/post"}],"author":[{"embeddable":true,"href":"https:\/\/linitiative.ca\/International\/wp-json\/wp\/v2\/users\/1788"}],"replies":[{"embeddable":true,"href":"https:\/\/linitiative.ca\/International\/wp-json\/wp\/v2\/comments?post=120607"}],"version-history":[{"count":0,"href":"https:\/\/linitiative.ca\/International\/wp-json\/wp\/v2\/posts\/120607\/revisions"}],"wp:attachment":[{"href":"https:\/\/linitiative.ca\/International\/wp-json\/wp\/v2\/media?parent=120607"}],"wp:term":[{"taxonomy":"category","embeddable":true,"href":"https:\/\/linitiative.ca\/International\/wp-json\/wp\/v2\/categories?post=120607"},{"taxonomy":"post_tag","embeddable":true,"href":"https:\/\/linitiative.ca\/International\/wp-json\/wp\/v2\/tags?post=120607"}],"curies":[{"name":"wp","href":"https:\/\/api.w.org\/{rel}","templated":true}]}}