{"id":120609,"date":"2021-07-07T06:13:23","date_gmt":"2021-07-07T10:13:23","guid":{"rendered":"https:\/\/linitiative.ca\/International\/reforme-fiscale-les-5-priorites\/"},"modified":"2021-07-07T06:13:23","modified_gmt":"2021-07-07T10:13:23","slug":"reforme-fiscale-les-5-priorites","status":"publish","type":"post","link":"https:\/\/linitiative.ca\/International\/reforme-fiscale-les-5-priorites\/","title":{"rendered":"R\u00e9forme fiscale. Les 5 priorit\u00e9s"},"content":{"rendered":"<div><img decoding=\"async\" width=\"700\" height=\"372\" src=\"https:\/\/linitiative.ca\/International\/wp-content\/uploads\/sites\/23\/2021\/07\/taxes.jpg\" class=\"attachment-post-thumbnail size-post-thumbnail wp-post-image\" alt=\"\" loading=\"lazy\" srcset=\"https:\/\/linitiative.ca\/International\/wp-content\/uploads\/sites\/23\/2021\/07\/taxes.jpg 700w, https:\/\/www.challenge.ma\/wp-content\/uploads\/2020\/11\/taxes-300x159.jpg 300w, https:\/\/www.challenge.ma\/wp-content\/uploads\/2020\/11\/taxes-360x191.jpg 360w\" sizes=\"auto, (max-width: 700px) 100vw, 700px\" itemprop=\"image\">Au nombre de cinq, comme les doigts d\u2019une main, les priorit\u00e9s devant guider les politiques fiscales au cours des prochaines ann\u00e9es, ont \u00e9t\u00e9 d\u00e9finies dans le projet de loi cadre (PLC). Dor\u00e9navant, les incitations fiscales ne devraient plus \u00eatre accord\u00e9es pour faire plaisir \u00e0 certains. La premi\u00e8re priorit\u00e9 concerne l\u2019encouragement<\/div>\n<p>Auteur: Amine Messaoudi<br \/>\n<a href=\"https:\/\/www.challenge.ma\/reforme-fiscale-les-5-priorites-191647\/\">Cliquez ici pour lire l&rsquo;article depuis sa source.<\/a><\/p>\n","protected":false},"excerpt":{"rendered":"<p>Au nombre de cinq, comme les doigts d\u2019une main, les priorit\u00e9s devant guider les politiques fiscales au cours des prochaines ann\u00e9es, ont \u00e9t\u00e9 d\u00e9finies dans le projet de loi cadre (PLC). Dor\u00e9navant, les incitations fiscales ne devraient plus \u00eatre accord\u00e9es pour faire plaisir \u00e0 certains. La premi\u00e8re priorit\u00e9 concerne l\u2019encouragement Auteur: Amine Messaoudi Cliquez ici [&hellip;]<\/p>\n","protected":false},"author":1787,"featured_media":0,"comment_status":"closed","ping_status":"closed","sticky":false,"template":"","format":"standard","meta":{"fifu_image_url":"https:\/\/www.challenge.ma\/wp-content\/uploads\/2020\/11\/taxes.jpg","fifu_image_alt":"R\u00e9forme fiscale. Les 5 priorit\u00e9s","footnotes":""},"categories":[78,54],"tags":[],"class_list":["post-120609","post","type-post","status-publish","format-standard","hentry","category-economie","category-maroc"],"_links":{"self":[{"href":"https:\/\/linitiative.ca\/International\/wp-json\/wp\/v2\/posts\/120609","targetHints":{"allow":["GET"]}}],"collection":[{"href":"https:\/\/linitiative.ca\/International\/wp-json\/wp\/v2\/posts"}],"about":[{"href":"https:\/\/linitiative.ca\/International\/wp-json\/wp\/v2\/types\/post"}],"author":[{"embeddable":true,"href":"https:\/\/linitiative.ca\/International\/wp-json\/wp\/v2\/users\/1787"}],"replies":[{"embeddable":true,"href":"https:\/\/linitiative.ca\/International\/wp-json\/wp\/v2\/comments?post=120609"}],"version-history":[{"count":0,"href":"https:\/\/linitiative.ca\/International\/wp-json\/wp\/v2\/posts\/120609\/revisions"}],"wp:attachment":[{"href":"https:\/\/linitiative.ca\/International\/wp-json\/wp\/v2\/media?parent=120609"}],"wp:term":[{"taxonomy":"category","embeddable":true,"href":"https:\/\/linitiative.ca\/International\/wp-json\/wp\/v2\/categories?post=120609"},{"taxonomy":"post_tag","embeddable":true,"href":"https:\/\/linitiative.ca\/International\/wp-json\/wp\/v2\/tags?post=120609"}],"curies":[{"name":"wp","href":"https:\/\/api.w.org\/{rel}","templated":true}]}}