{"id":12061,"date":"2019-02-07T06:12:31","date_gmt":"2019-02-07T11:12:31","guid":{"rendered":"https:\/\/linitiative.ca\/International\/ouargla-reception-de-240-logements-aadl-en-mai-a-touggourt\/"},"modified":"2019-02-07T06:12:31","modified_gmt":"2019-02-07T11:12:31","slug":"ouargla-reception-de-240-logements-aadl-en-mai-a-touggourt","status":"publish","type":"post","link":"https:\/\/linitiative.ca\/International\/ouargla-reception-de-240-logements-aadl-en-mai-a-touggourt\/","title":{"rendered":"Ouargla: r\u00e9ception de 240 logements AADL en mai \u00e0 Touggourt"},"content":{"rendered":"<div>\n<div class=\"K2FeedImage\"><img decoding=\"async\" src=\"http:\/\/www.aps.dz\/media\/k2\/items\/cache\/75bba6921ee067eceab548df726449e7_S.jpg\" alt=\"Ouargla: r\u00e9ception de 240 logements AADL en mai \u00e0 Touggourt\"><\/div>\n<div class=\"K2FeedIntroText\">\n<p><strong>OUARGLA &#8211; Un quota de 240 logements relevant de l\u2019Agence d\u2019am\u00e9lioration et de d\u00e9veloppement du logement (AADL) sera r\u00e9ceptionn\u00e9 en mai prochain dans la commune de Touggourt, a-t-on appris des services de la wilaya d\u2019Ouargla.<\/strong><\/p>\n<\/div>\n<div class=\"K2FeedFullText\">\n<p>Il repr\u00e9sente la premi\u00e8re tranche d\u2019un programme projet\u00e9 au niveau de l\u2019extension Nord du plan d\u2019occupation des sols (POS) du quartier El-Moustakbel-1 et accuse un taux d\u2019avancement de plus de 77%, a-t-on pr\u00e9cis\u00e9.<\/p>\n<hr>\n<h3>Lire aussi:\u00a0<a href=\"http:\/\/www.aps.dz\/economie\/84281-aadl-2-un-programme-de-90-000-logements-avant-la-fin-du-1e-trimestre-2019\" target=\"_blank\" rel=\"noopener noreferrer\">AADL 2: programme de 90.000 logements avant la fin du 1e trimestre 2019<\/a><\/h3>\n<hr>\n<p>Les travaux concernant le reste du programme, soit 260 unit\u00e9s, sont eux \u00e0 pr\u00e8s de 40% d\u2019avancement, et des mises en demeure ont \u00e9t\u00e9 adress\u00e9es aux entreprises r\u00e9alisatrice afin de rattraper le retard accus\u00e9, a ajout\u00e9 la source.<\/p>\n<p>En mati\u00e8re d\u2019\u00e9quipements publics, divers projets sont pr\u00e9vus au niveau de cette extension du POS El-Moustakbel-1, dont deux \u00e9coles primaires, un coll\u00e8ge, deux salles de soins, une mosqu\u00e9e, trois stades de type \u00ab\u00a0Matico\u00a0\u00bb, 160 locaux commerciaux et deux cr\u00e8ches d\u2019enfants, selon les services de la wilaya.<\/p>\n<\/div>\n<\/div>\n","protected":false},"excerpt":{"rendered":"<p>OUARGLA &#8211; Un quota de 240 logements relevant de l\u2019Agence d\u2019am\u00e9lioration et de d\u00e9veloppement du logement (AADL) sera r\u00e9ceptionn\u00e9 en mai prochain dans la commune de Touggourt, a-t-on appris des services de la wilaya d\u2019Ouargla. Il repr\u00e9sente la premi\u00e8re tranche d\u2019un programme projet\u00e9 au niveau de l\u2019extension Nord du plan d\u2019occupation des sols (POS) du [&hellip;]<\/p>\n","protected":false},"author":1790,"featured_media":12062,"comment_status":"closed","ping_status":"closed","sticky":false,"template":"","format":"standard","meta":{"fifu_image_url":"","fifu_image_alt":"","footnotes":""},"categories":[53,76],"tags":[],"class_list":["post-12061","post","type-post","status-publish","format-standard","has-post-thumbnail","hentry","category-algerie","category-regions"],"_links":{"self":[{"href":"https:\/\/linitiative.ca\/International\/wp-json\/wp\/v2\/posts\/12061","targetHints":{"allow":["GET"]}}],"collection":[{"href":"https:\/\/linitiative.ca\/International\/wp-json\/wp\/v2\/posts"}],"about":[{"href":"https:\/\/linitiative.ca\/International\/wp-json\/wp\/v2\/types\/post"}],"author":[{"embeddable":true,"href":"https:\/\/linitiative.ca\/International\/wp-json\/wp\/v2\/users\/1790"}],"replies":[{"embeddable":true,"href":"https:\/\/linitiative.ca\/International\/wp-json\/wp\/v2\/comments?post=12061"}],"version-history":[{"count":0,"href":"https:\/\/linitiative.ca\/International\/wp-json\/wp\/v2\/posts\/12061\/revisions"}],"wp:featuredmedia":[{"embeddable":true,"href":"https:\/\/linitiative.ca\/International\/wp-json\/"}],"wp:attachment":[{"href":"https:\/\/linitiative.ca\/International\/wp-json\/wp\/v2\/media?parent=12061"}],"wp:term":[{"taxonomy":"category","embeddable":true,"href":"https:\/\/linitiative.ca\/International\/wp-json\/wp\/v2\/categories?post=12061"},{"taxonomy":"post_tag","embeddable":true,"href":"https:\/\/linitiative.ca\/International\/wp-json\/wp\/v2\/tags?post=12061"}],"curies":[{"name":"wp","href":"https:\/\/api.w.org\/{rel}","templated":true}]}}