{"id":120618,"date":"2021-07-07T06:27:26","date_gmt":"2021-07-07T10:27:26","guid":{"rendered":"https:\/\/linitiative.ca\/International\/casablanca-lourdes-peines-pour-entrave-au-tramway\/"},"modified":"2021-07-07T06:27:26","modified_gmt":"2021-07-07T10:27:26","slug":"casablanca-lourdes-peines-pour-entrave-au-tramway","status":"publish","type":"post","link":"https:\/\/linitiative.ca\/International\/casablanca-lourdes-peines-pour-entrave-au-tramway\/","title":{"rendered":"Casablanca: Lourdes peines pour entrave au tramway"},"content":{"rendered":"<div>\n<div class=\"field field-name-body field-type-text-with-summary field-label-hidden\">\n<div class=\"field-items\">\n<div class=\"field-item even\" property=\"content:encoded\">\n<p class=\"rtejustify\">La justice vient de se prononcer sur le sort du jeune Casablancais qui s\u2019est film\u00e9 en train d\u2019entraver la circulation du tramway et a diffus\u00e9 sa vid\u00e9o sur les r\u00e9seaux sociaux. La cour d\u2019appel a tranch\u00e9 dans cette affaire qui remonte \u00e0 mai dernier. L\u2019accus\u00e9 principal (qui s\u2019est attabl\u00e9 sur les rails) est condamn\u00e9 \u00e0 3 ans de prison ferme, alors que ses 2 acolytes ont \u00e9cop\u00e9 de 2 ans. Ils devront en plus verser \u00e0 la soci\u00e9t\u00e9 RATP Dev Casablanca, qui exploite le tram casablancais, un montant de 40.000 DH en tant que d\u00e9dommagement.<\/p>\n<\/div>\n<\/div>\n<\/div>\n<\/div>\n<p>Auteur: hgueye<br \/>\n<a href=\"https:\/\/www.leconomiste.com\/flash-infos\/casablanca-lourdes-peines-pour-entrave-au-tramway\">Cliquez ici pour lire l&rsquo;article depuis sa source.<\/a><\/p>\n","protected":false},"excerpt":{"rendered":"<p>La justice vient de se prononcer sur le sort du jeune Casablancais qui s\u2019est film\u00e9 en train d\u2019entraver la circulation du tramway et a diffus\u00e9 sa vid\u00e9o sur les r\u00e9seaux sociaux. La cour d\u2019appel a tranch\u00e9 dans cette affaire qui remonte \u00e0 mai dernier. L\u2019accus\u00e9 principal (qui s\u2019est attabl\u00e9 sur les rails) est condamn\u00e9 \u00e0 [&hellip;]<\/p>\n","protected":false},"author":1763,"featured_media":0,"comment_status":"closed","ping_status":"closed","sticky":false,"template":"","format":"standard","meta":{"fifu_image_url":"","fifu_image_alt":"","footnotes":""},"categories":[78,54],"tags":[],"class_list":["post-120618","post","type-post","status-publish","format-standard","hentry","category-economie","category-maroc"],"_links":{"self":[{"href":"https:\/\/linitiative.ca\/International\/wp-json\/wp\/v2\/posts\/120618","targetHints":{"allow":["GET"]}}],"collection":[{"href":"https:\/\/linitiative.ca\/International\/wp-json\/wp\/v2\/posts"}],"about":[{"href":"https:\/\/linitiative.ca\/International\/wp-json\/wp\/v2\/types\/post"}],"author":[{"embeddable":true,"href":"https:\/\/linitiative.ca\/International\/wp-json\/wp\/v2\/users\/1763"}],"replies":[{"embeddable":true,"href":"https:\/\/linitiative.ca\/International\/wp-json\/wp\/v2\/comments?post=120618"}],"version-history":[{"count":0,"href":"https:\/\/linitiative.ca\/International\/wp-json\/wp\/v2\/posts\/120618\/revisions"}],"wp:attachment":[{"href":"https:\/\/linitiative.ca\/International\/wp-json\/wp\/v2\/media?parent=120618"}],"wp:term":[{"taxonomy":"category","embeddable":true,"href":"https:\/\/linitiative.ca\/International\/wp-json\/wp\/v2\/categories?post=120618"},{"taxonomy":"post_tag","embeddable":true,"href":"https:\/\/linitiative.ca\/International\/wp-json\/wp\/v2\/tags?post=120618"}],"curies":[{"name":"wp","href":"https:\/\/api.w.org\/{rel}","templated":true}]}}