{"id":120620,"date":"2021-07-07T07:09:15","date_gmt":"2021-07-07T11:09:15","guid":{"rendered":"https:\/\/linitiative.ca\/International\/maroc-espagne-plus-de-250-intellectuels-poussent-vers-un-rapprochement\/"},"modified":"2021-07-07T07:09:15","modified_gmt":"2021-07-07T11:09:15","slug":"maroc-espagne-plus-de-250-intellectuels-poussent-vers-un-rapprochement","status":"publish","type":"post","link":"https:\/\/linitiative.ca\/International\/maroc-espagne-plus-de-250-intellectuels-poussent-vers-un-rapprochement\/","title":{"rendered":"Maroc-Espagne. Plus de 250 intellectuels poussent vers un rapprochement"},"content":{"rendered":"<div><img decoding=\"async\" width=\"588\" height=\"331\" src=\"https:\/\/linitiative.ca\/International\/wp-content\/uploads\/sites\/23\/2021\/07\/Arancha-Gonzalez-Laya-ministre-espagnole-des-Affaires-etrangeres-et-Nasser-Bourita-ministre-des-Affaires-etrangeres.jpg\" class=\"attachment-post-thumbnail size-post-thumbnail wp-post-image\" alt=\"\" loading=\"lazy\" srcset=\"https:\/\/linitiative.ca\/International\/wp-content\/uploads\/sites\/23\/2021\/07\/Arancha-Gonzalez-Laya-ministre-espagnole-des-Affaires-etrangeres-et-Nasser-Bourita-ministre-des-Affaires-etrangeres.jpg 588w, https:\/\/www.challenge.ma\/wp-content\/uploads\/2021\/07\/Arancha-Gonzalez-Laya-ministre-espagnole-des-Affaires-etrangeres-et-Nasser-Bourita-ministre-des-Affaires-etrangeres-300x169.jpg 300w, https:\/\/www.challenge.ma\/wp-content\/uploads\/2021\/07\/Arancha-Gonzalez-Laya-ministre-espagnole-des-Affaires-etrangeres-et-Nasser-Bourita-ministre-des-Affaires-etrangeres-360x203.jpg 360w\" sizes=\"auto, (max-width: 588px) 100vw, 588px\" itemprop=\"image\">Plus de 250 intellectuels espagnols et marocains d\u00e9fendent le rapprochement entre les deux pays \u00e0 travers un manifeste auquel adh\u00e8re le site d\u2019information atalayar.com. Ce manifeste vise \u00e0 pousser vers un rapprochement politique entre le pays europ\u00e9en et le pays nord-africain. Professeurs d\u2019universit\u00e9, \u00e9crivains, po\u00e8tes, historiens, journalistes et traducteurs appellent<\/div>\n<p>Auteur: challenge<br \/>\n<a href=\"https:\/\/www.challenge.ma\/maroc-espagne-plus-de-250-intellectuels-poussent-vers-un-rapprochement-191662\/\">Cliquez ici pour lire l&rsquo;article depuis sa source.<\/a><\/p>\n","protected":false},"excerpt":{"rendered":"<p>Plus de 250 intellectuels espagnols et marocains d\u00e9fendent le rapprochement entre les deux pays \u00e0 travers un manifeste auquel adh\u00e8re le site d\u2019information atalayar.com. Ce manifeste vise \u00e0 pousser vers un rapprochement politique entre le pays europ\u00e9en et le pays nord-africain. Professeurs d\u2019universit\u00e9, \u00e9crivains, po\u00e8tes, historiens, journalistes et traducteurs appellent Auteur: challenge Cliquez ici pour [&hellip;]<\/p>\n","protected":false},"author":1787,"featured_media":0,"comment_status":"closed","ping_status":"closed","sticky":false,"template":"","format":"standard","meta":{"fifu_image_url":"https:\/\/www.challenge.ma\/wp-content\/uploads\/2021\/07\/Arancha-Gonzalez-Laya-ministre-espagnole-des-Affaires-etrangeres-et-Nasser-Bourita-ministre-des-Affaires-etrangeres.jpg","fifu_image_alt":"Maroc-Espagne. Plus de 250 intellectuels poussent vers un rapprochement","footnotes":""},"categories":[78,54],"tags":[],"class_list":["post-120620","post","type-post","status-publish","format-standard","hentry","category-economie","category-maroc"],"_links":{"self":[{"href":"https:\/\/linitiative.ca\/International\/wp-json\/wp\/v2\/posts\/120620","targetHints":{"allow":["GET"]}}],"collection":[{"href":"https:\/\/linitiative.ca\/International\/wp-json\/wp\/v2\/posts"}],"about":[{"href":"https:\/\/linitiative.ca\/International\/wp-json\/wp\/v2\/types\/post"}],"author":[{"embeddable":true,"href":"https:\/\/linitiative.ca\/International\/wp-json\/wp\/v2\/users\/1787"}],"replies":[{"embeddable":true,"href":"https:\/\/linitiative.ca\/International\/wp-json\/wp\/v2\/comments?post=120620"}],"version-history":[{"count":0,"href":"https:\/\/linitiative.ca\/International\/wp-json\/wp\/v2\/posts\/120620\/revisions"}],"wp:attachment":[{"href":"https:\/\/linitiative.ca\/International\/wp-json\/wp\/v2\/media?parent=120620"}],"wp:term":[{"taxonomy":"category","embeddable":true,"href":"https:\/\/linitiative.ca\/International\/wp-json\/wp\/v2\/categories?post=120620"},{"taxonomy":"post_tag","embeddable":true,"href":"https:\/\/linitiative.ca\/International\/wp-json\/wp\/v2\/tags?post=120620"}],"curies":[{"name":"wp","href":"https:\/\/api.w.org\/{rel}","templated":true}]}}