{"id":120621,"date":"2021-07-06T18:56:21","date_gmt":"2021-07-06T22:56:21","guid":{"rendered":"https:\/\/linitiative.ca\/International\/appel-a-projets-dans-le-domaine-de-leducation-non-formelle\/"},"modified":"2021-07-06T18:56:21","modified_gmt":"2021-07-06T22:56:21","slug":"appel-a-projets-dans-le-domaine-de-leducation-non-formelle","status":"publish","type":"post","link":"https:\/\/linitiative.ca\/International\/appel-a-projets-dans-le-domaine-de-leducation-non-formelle\/","title":{"rendered":"Appel \u00e0 projets dans le domaine de l\u2019\u00e9ducation non formelle"},"content":{"rendered":"<div>\n<div style=\"margin-bottom:20px;\"><img loading=\"lazy\" decoding=\"async\" width=\"750\" height=\"430\" src=\"https:\/\/linitiative.ca\/International\/wp-content\/uploads\/sites\/23\/2021\/07\/direction-provinciale-essaouira-copier-2.jpg\" class=\"attachment-post-thumbnail size-post-thumbnail wp-post-image\" alt=\"\" srcset=\"https:\/\/linitiative.ca\/International\/wp-content\/uploads\/sites\/23\/2021\/07\/direction-provinciale-essaouira-copier-2.jpg 750w, http:\/\/www.mapmarrakech.ma\/map\/uploads\/2021\/07\/direction-provinciale-essaouira-copier-2-300x172.jpg 300w\" sizes=\"auto, (max-width: 750px) 100vw, 750px\"><\/div>\n<p>Un dossier relatif \u00e0 l\u2019appel \u00e0 manifestation de projets dans le domaine de l\u2019\u00e9ducation non formelle a \u00e9t\u00e9, ainsi, mis \u00e0 la disposition des associations concern\u00e9es, a indiqu\u00e9 la Direction provinciale dans un communiqu\u00e9.<\/p>\n<p>Elle a, dans ce sens, appel\u00e9 les associations d\u00e9sirant participer \u00e0 retirer le dossier de demande de subvention aupr\u00e8s du service d\u2019encadrement des \u00e9tablissements scolaires et d\u2019orientation, ou sur la page officielle de la direction provinciale du minist\u00e8re de l\u2019\u00e9ducation nationale d\u2019Essaouira ou sur le portail de partenariat avec les associations de la soci\u00e9t\u00e9 civile (charaka-association) .<\/p>\n<p>Ledit dossier comprend le dossier juridique de l\u2019association (statut, re\u00e7u de d\u00e9p\u00f4t l\u00e9gal, liste des membres du bureau de l\u2019association, proc\u00e8s-verbal de la derni\u00e8re assembl\u00e9e g\u00e9n\u00e9rale et les derniers rapports moral et financier) en trois copies, dont une l\u00e9galis\u00e9e, ainsi que des fiches techniques sur l\u2019association, le projet propos\u00e9 et les partenariats conclus dans le domaine de l\u2019\u00e9ducation non formelle, outre une liste des projets r\u00e9alis\u00e9s par l\u2019association.<\/p>\n<p>La Direction provinciale de l\u2019Education nationale d\u2019Essaouira a fait savoir que le bureau d\u2019ordre proc\u00e8dera \u00e0 la r\u00e9ception des dossiers de demande de subvention (en trois exemplaires) ou par courrier postal recommand\u00e9 du 6 jusqu\u2019au 26 juillet \u00e0 16H30.<\/p>\n<p>Et la m\u00eame source de pr\u00e9ciser que tout dossier incomplet ou re\u00e7u apr\u00e8s la date susmentionn\u00e9e sera simplement annul\u00e9.<\/p>\n<p>L\u2019annonce de cet appel \u00e0 proposition de projets intervient conform\u00e9ment aux dispositions de la circulaire du Premier ministre N\u00b0 07\/2003 du 27 juin 2003 relatif au partenariat entre l\u2019Etat et les associations, ainsi que sur la base de la Loi-cadre 51.17 relative au syst\u00e8me d\u2019\u00e9ducation et de formation, notamment le projet int\u00e9gr\u00e9 N\u00b05<\/p>\n<p>Cet appel s\u2019inscrit aussi dans le cadre du partenariat conclu par la Direction provinciale de l\u2019\u00e9ducation nationale d\u2019Essaouira avec les associations op\u00e9rant dans le domaine de l\u2019\u00e9ducation non formelle \u2013 \u00e9cole de la 2\u00e8 chance (E2C), qui cible les enfants non scolaris\u00e9s et d\u00e9scolaris\u00e9es, pour leur offrir une \u00e9ducation de base, et l\u2019insertion par la suite soit dans les cycles de l\u2019\u00e9ducation formelle ou dans la formation professionnelle, a rappel\u00e9 la m\u00eame source.<\/p>\n<p>The post <a rel=\"nofollow\" href=\"http:\/\/www.mapmarrakech.ma\/fr\/appel-a-projets-dans-le-domaine-de-leducation-non-formelle\/\">Appel \u00e0 projets dans le domaine de l\u2019\u00e9ducation non formelle<\/a> appeared first on <a rel=\"nofollow\" href=\"http:\/\/www.mapmarrakech.ma\/fr\">MapMarrakech<\/a>.<\/p>\n<\/div>\n<p>Auteur: Meriem IGASS<br \/>\n<a href=\"http:\/\/www.mapmarrakech.ma\/fr\/appel-a-projets-dans-le-domaine-de-leducation-non-formelle\/\">Cliquez ici pour lire l&rsquo;article depuis sa source.<\/a><\/p>\n","protected":false},"excerpt":{"rendered":"<p>Un dossier relatif \u00e0 l\u2019appel \u00e0 manifestation de projets dans le domaine de l\u2019\u00e9ducation non formelle a \u00e9t\u00e9, ainsi, mis \u00e0 la disposition des associations concern\u00e9es, a indiqu\u00e9 la Direction provinciale dans un communiqu\u00e9. Elle a, dans ce sens, appel\u00e9 les associations d\u00e9sirant participer \u00e0 retirer le dossier de demande de subvention aupr\u00e8s du service [&hellip;]<\/p>\n","protected":false},"author":1788,"featured_media":0,"comment_status":"closed","ping_status":"closed","sticky":false,"template":"","format":"standard","meta":{"fifu_image_url":"http:\/\/www.mapmarrakech.ma\/map\/uploads\/2021\/07\/direction-provinciale-essaouira-copier-2.jpg","fifu_image_alt":"Appel \u00e0 projets dans le domaine de l\u2019\u00e9ducation non formelle","footnotes":""},"categories":[54,76],"tags":[],"class_list":["post-120621","post","type-post","status-publish","format-standard","hentry","category-maroc","category-regions"],"_links":{"self":[{"href":"https:\/\/linitiative.ca\/International\/wp-json\/wp\/v2\/posts\/120621","targetHints":{"allow":["GET"]}}],"collection":[{"href":"https:\/\/linitiative.ca\/International\/wp-json\/wp\/v2\/posts"}],"about":[{"href":"https:\/\/linitiative.ca\/International\/wp-json\/wp\/v2\/types\/post"}],"author":[{"embeddable":true,"href":"https:\/\/linitiative.ca\/International\/wp-json\/wp\/v2\/users\/1788"}],"replies":[{"embeddable":true,"href":"https:\/\/linitiative.ca\/International\/wp-json\/wp\/v2\/comments?post=120621"}],"version-history":[{"count":0,"href":"https:\/\/linitiative.ca\/International\/wp-json\/wp\/v2\/posts\/120621\/revisions"}],"wp:attachment":[{"href":"https:\/\/linitiative.ca\/International\/wp-json\/wp\/v2\/media?parent=120621"}],"wp:term":[{"taxonomy":"category","embeddable":true,"href":"https:\/\/linitiative.ca\/International\/wp-json\/wp\/v2\/categories?post=120621"},{"taxonomy":"post_tag","embeddable":true,"href":"https:\/\/linitiative.ca\/International\/wp-json\/wp\/v2\/tags?post=120621"}],"curies":[{"name":"wp","href":"https:\/\/api.w.org\/{rel}","templated":true}]}}