{"id":120623,"date":"2021-07-07T06:29:30","date_gmt":"2021-07-07T10:29:30","guid":{"rendered":"https:\/\/linitiative.ca\/International\/tap-relie-lisbonne-a-agadir-et-oujda\/"},"modified":"2021-07-07T06:29:30","modified_gmt":"2021-07-07T10:29:30","slug":"tap-relie-lisbonne-a-agadir-et-oujda","status":"publish","type":"post","link":"https:\/\/linitiative.ca\/International\/tap-relie-lisbonne-a-agadir-et-oujda\/","title":{"rendered":"TAP relie Lisbonne \u00e0 Agadir et Oujda"},"content":{"rendered":"<div>\n<div class=\"field field-name-body field-type-text-with-summary field-label-hidden\">\n<div class=\"field-items\">\n<div class=\"field-item even\" property=\"content:encoded\">\n<p class=\"rtejustify\">La compagnie a\u00e9rienne portugaise TAP a lanc\u00e9 de nouvelles liaisons vers Agadir et Oujda au d\u00e9part de Lisbonne, dans le cadre du \u00ab\u00a0plan de relance\u00a0\u00bb apr\u00e8s la pand\u00e9mie, a annonc\u00e9 la soci\u00e9t\u00e9. La compagnie portugaise reliera \u00e9galement Monastir et Djerba depuis Lisbonne. \u00ab\u00a0Quatre destinations touristiques majeures\u00a0\u00bb en Afrique du Nord, selon la PDG de TAP, Christine Ourmi\u00e8res-Widener.<\/p>\n<p class=\"rtejustify\">Ces destinations \u00ab\u00a0renforcent la position de l\u2019entreprise dans cette r\u00e9gion\u00a0\u00bb, a-t-elle d\u00e9clar\u00e9.<\/p>\n<\/div>\n<\/div>\n<\/div>\n<\/div>\n<p>Auteur: hgueye<br \/>\n<a href=\"https:\/\/www.leconomiste.com\/flash-infos\/tap-relie-lisbonne-agadir-et-oujda\">Cliquez ici pour lire l&rsquo;article depuis sa source.<\/a><\/p>\n","protected":false},"excerpt":{"rendered":"<p>La compagnie a\u00e9rienne portugaise TAP a lanc\u00e9 de nouvelles liaisons vers Agadir et Oujda au d\u00e9part de Lisbonne, dans le cadre du \u00ab\u00a0plan de relance\u00a0\u00bb apr\u00e8s la pand\u00e9mie, a annonc\u00e9 la soci\u00e9t\u00e9. La compagnie portugaise reliera \u00e9galement Monastir et Djerba depuis Lisbonne. \u00ab\u00a0Quatre destinations touristiques majeures\u00a0\u00bb en Afrique du Nord, selon la PDG de TAP, [&hellip;]<\/p>\n","protected":false},"author":1763,"featured_media":0,"comment_status":"closed","ping_status":"closed","sticky":false,"template":"","format":"standard","meta":{"fifu_image_url":"","fifu_image_alt":"","footnotes":""},"categories":[78,54],"tags":[],"class_list":["post-120623","post","type-post","status-publish","format-standard","hentry","category-economie","category-maroc"],"_links":{"self":[{"href":"https:\/\/linitiative.ca\/International\/wp-json\/wp\/v2\/posts\/120623","targetHints":{"allow":["GET"]}}],"collection":[{"href":"https:\/\/linitiative.ca\/International\/wp-json\/wp\/v2\/posts"}],"about":[{"href":"https:\/\/linitiative.ca\/International\/wp-json\/wp\/v2\/types\/post"}],"author":[{"embeddable":true,"href":"https:\/\/linitiative.ca\/International\/wp-json\/wp\/v2\/users\/1763"}],"replies":[{"embeddable":true,"href":"https:\/\/linitiative.ca\/International\/wp-json\/wp\/v2\/comments?post=120623"}],"version-history":[{"count":0,"href":"https:\/\/linitiative.ca\/International\/wp-json\/wp\/v2\/posts\/120623\/revisions"}],"wp:attachment":[{"href":"https:\/\/linitiative.ca\/International\/wp-json\/wp\/v2\/media?parent=120623"}],"wp:term":[{"taxonomy":"category","embeddable":true,"href":"https:\/\/linitiative.ca\/International\/wp-json\/wp\/v2\/categories?post=120623"},{"taxonomy":"post_tag","embeddable":true,"href":"https:\/\/linitiative.ca\/International\/wp-json\/wp\/v2\/tags?post=120623"}],"curies":[{"name":"wp","href":"https:\/\/api.w.org\/{rel}","templated":true}]}}