{"id":120624,"date":"2021-07-07T06:44:30","date_gmt":"2021-07-07T10:44:30","guid":{"rendered":"https:\/\/linitiative.ca\/International\/haiti-le-president-jovenel-moise-a-ete-assassine-dans-la-nuit-de-mardi-a-mercredi\/"},"modified":"2021-07-07T06:44:30","modified_gmt":"2021-07-07T10:44:30","slug":"haiti-le-president-jovenel-moise-a-ete-assassine-dans-la-nuit-de-mardi-a-mercredi","status":"publish","type":"post","link":"https:\/\/linitiative.ca\/International\/haiti-le-president-jovenel-moise-a-ete-assassine-dans-la-nuit-de-mardi-a-mercredi\/","title":{"rendered":"Ha\u00efti : le pr\u00e9sident Jovenel Mo\u00efse a \u00e9t\u00e9 assassin\u00e9 dans la nuit de mardi \u00e0 mercredi."},"content":{"rendered":"<div>\n<div class=\"gs\">\n<div class=\"\">\n<div id=\":qt\" class=\"ii gt\">\n<div id=\":qu\" class=\"a3s aiL \">\n<div dir=\"ltr\">\n<div>\n<p>\u00a0<\/p>\n<p><span>Le pr\u00e9sident ha\u00eftien Jovenel Mo\u00efse a \u00e9t\u00e9 tu\u00e9 dans sa r\u00e9sidence priv\u00e9e.\u00a0<\/span><span>\u00a0Le Premier ministre ha\u00eftien,\u00a0<\/span><span>Ariel Henry<\/span><span>\u00a0par int\u00e9rim a annonc\u00e9 ce mercredi 7 juillet 2021 l\u2019assassinat du pr\u00e9sident par un commando dans la nuit de mardi \u00e0 mercredi.<\/span><\/p>\n<p><span>\u00a0Il a condamn\u00e9 cet acte qu\u2019il qualifie \u00ab d\u2019odieux, inhumain et barbare\u00a0\u00bb, et appelle \u00ab\u00a0la population au calme \u00bb. Il assure que \u00ab\u00a0la situation s\u00e9curitaire du pays\u00a0\u00bb est \u00ab\u00a0sous contr\u00f4le\u00a0\u00bb.<\/span><\/p>\n<p><span>Le pr\u00e9sident ha\u00eftien Jovenel Mo\u00efse avait nomm\u00e9 lundi Ariel Henry, un m\u00e9decin, \u00e0 la fonction de Premier ministre. Le pr\u00e9c\u00e9dent chef de gouvernement n\u2019a m\u00eame pas tenu trois mois \u00e0 ce poste.<\/span><\/p>\n<p><span>Ha\u00efti, pays des Cara\u00efbes et nation la plus pauvre du continent am\u00e9ricain, est gangren\u00e9 par l\u2019ins\u00e9curit\u00e9 et notamment les enl\u00e8vements contre ran\u00e7on men\u00e9s par des gangs jouissant d\u2019une quasi impunit\u00e9. Le pr\u00e9sident Jovenel Mo\u00efse, accus\u00e9 d\u2019inaction face \u00e0 la crise, \u00e9tait\u00a0confront\u00e9 \u00e0 une vive d\u00e9fiance d\u2019une bonne partie de la population civile.<\/span><\/p>\n<p><em><span>( France24)<\/span><\/em><\/p>\n<p>\u00a0<\/p>\n<\/div>\n<div class=\"yj6qo\"><\/div>\n<div class=\"adL\"><\/div>\n<\/div>\n<\/div>\n<\/div>\n<div class=\"hi\"><\/div>\n<\/div>\n<\/div>\n<p>L\u2019article <a rel=\"nofollow\" href=\"https:\/\/www.sidwaya.info\/blog\/2021\/07\/07\/haiti-le-president-jovenel-moise-a-ete-assassine-dans-la-nuit-de-mardi-a-mercredi\/\">Ha\u00efti : le pr\u00e9sident Jovenel Mo\u00efse a \u00e9t\u00e9 assassin\u00e9 dans la nuit de mardi \u00e0 mercredi.<\/a> est apparu en premier sur <a rel=\"nofollow\" href=\"https:\/\/www.sidwaya.info\/\">Quotidien Sidwaya<\/a>.<\/p>\n<\/div>\n<p>Auteur: Wamini SIDWAYA<br \/>\n<a href=\"https:\/\/www.sidwaya.info\/blog\/2021\/07\/07\/haiti-le-president-jovenel-moise-a-ete-assassine-dans-la-nuit-de-mardi-a-mercredi\/\">Cliquez ici pour lire l&rsquo;article depuis sa source.<\/a><\/p>\n","protected":false},"excerpt":{"rendered":"<p>\u00a0 Le pr\u00e9sident ha\u00eftien Jovenel Mo\u00efse a \u00e9t\u00e9 tu\u00e9 dans sa r\u00e9sidence priv\u00e9e.\u00a0\u00a0Le Premier ministre ha\u00eftien,\u00a0Ariel Henry\u00a0par int\u00e9rim a annonc\u00e9 ce mercredi 7 juillet 2021 l\u2019assassinat du pr\u00e9sident par un commando dans la nuit de mardi \u00e0 mercredi. \u00a0Il a condamn\u00e9 cet acte qu\u2019il qualifie \u00ab d\u2019odieux, inhumain et barbare\u00a0\u00bb, et appelle \u00ab\u00a0la population au [&hellip;]<\/p>\n","protected":false},"author":1816,"featured_media":0,"comment_status":"closed","ping_status":"closed","sticky":false,"template":"","format":"standard","meta":{"fifu_image_url":"","fifu_image_alt":"","footnotes":""},"categories":[73,81],"tags":[],"class_list":["post-120624","post","type-post","status-publish","format-standard","hentry","category-actualite","category-burkina-faso"],"_links":{"self":[{"href":"https:\/\/linitiative.ca\/International\/wp-json\/wp\/v2\/posts\/120624","targetHints":{"allow":["GET"]}}],"collection":[{"href":"https:\/\/linitiative.ca\/International\/wp-json\/wp\/v2\/posts"}],"about":[{"href":"https:\/\/linitiative.ca\/International\/wp-json\/wp\/v2\/types\/post"}],"author":[{"embeddable":true,"href":"https:\/\/linitiative.ca\/International\/wp-json\/wp\/v2\/users\/1816"}],"replies":[{"embeddable":true,"href":"https:\/\/linitiative.ca\/International\/wp-json\/wp\/v2\/comments?post=120624"}],"version-history":[{"count":0,"href":"https:\/\/linitiative.ca\/International\/wp-json\/wp\/v2\/posts\/120624\/revisions"}],"wp:attachment":[{"href":"https:\/\/linitiative.ca\/International\/wp-json\/wp\/v2\/media?parent=120624"}],"wp:term":[{"taxonomy":"category","embeddable":true,"href":"https:\/\/linitiative.ca\/International\/wp-json\/wp\/v2\/categories?post=120624"},{"taxonomy":"post_tag","embeddable":true,"href":"https:\/\/linitiative.ca\/International\/wp-json\/wp\/v2\/tags?post=120624"}],"curies":[{"name":"wp","href":"https:\/\/api.w.org\/{rel}","templated":true}]}}