{"id":120627,"date":"2021-07-07T04:49:00","date_gmt":"2021-07-07T08:49:00","guid":{"rendered":"https:\/\/linitiative.ca\/International\/tunisie-la-fin-du-droit\/"},"modified":"2021-07-07T04:49:00","modified_gmt":"2021-07-07T08:49:00","slug":"tunisie-la-fin-du-droit","status":"publish","type":"post","link":"https:\/\/linitiative.ca\/International\/tunisie-la-fin-du-droit\/","title":{"rendered":"Tunisie : La fin du droit"},"content":{"rendered":"<div><img decoding=\"async\" src=\"https:\/\/linitiative.ca\/International\/wp-content\/uploads\/sites\/23\/2021\/07\/1625646270_article.jpg\" alt=\"Tunisie : La fin du droit\" align=\"left\">Par Habib Ayadi &#8211; Apr\u00e8s l\u2019ind\u00e9pendance, c\u2019est connu, la Tunisie dispose de tr\u00e8s hauts magistrats, sollicit\u00e9s par beaucoup de pays arabes. Egalement de grands professeurs de droit, tunisiens et \u00e9trangers qui ont fait l\u2019honneur de la Tunisie. Par ailleurs, la Facult\u00e9 de droit, \u00e9tait class\u00e9e deuxi\u00e8me en Afrique.<br \/>\nPour les professeurs et les magistrats, le droit est sacr\u00e9.<br \/>\nMais \u00e0 c\u00f4t\u00e9 de ces grands magistrats, existent d\u2019une part des juges \u00abaux ordres\u00bb ou persuad\u00e9s d\u2019incarner la R\u00e9publique, d\u2019autre part, une cat\u00e9gorie d\u2019impartis qui n\u2019arrivent pas \u00e0 imaginer qu\u2019on leur demande des comptes.<br \/>\nPour ces insubmersibles, la sanction judiciaire ne signifie rien. &#8230;<\/p>\n<\/div>\n<p>Auteur:<br \/>\n<a href=\"https:\/\/www.leaders.com.tn\/article\/32123-tunisie-la-fin-du-droit\">Cliquez ici pour lire l&rsquo;article depuis sa source.<\/a><\/p>\n","protected":false},"excerpt":{"rendered":"<p>Par Habib Ayadi &#8211; Apr\u00e8s l\u2019ind\u00e9pendance, c\u2019est connu, la Tunisie dispose de tr\u00e8s hauts magistrats, sollicit\u00e9s par beaucoup de pays arabes. Egalement de grands professeurs de droit, tunisiens et \u00e9trangers qui ont fait l\u2019honneur de la Tunisie. Par ailleurs, la Facult\u00e9 de droit, \u00e9tait class\u00e9e deuxi\u00e8me en Afrique. Pour les professeurs et les magistrats, le [&hellip;]<\/p>\n","protected":false},"author":1772,"featured_media":0,"comment_status":"closed","ping_status":"closed","sticky":false,"template":"","format":"standard","meta":{"fifu_image_url":"http:\/\/www.leaders.com.tn\/uploads\/content\/thumbnails_small\/1625646270_article.jpg","fifu_image_alt":"Tunisie : La fin du droit","footnotes":""},"categories":[73,55],"tags":[],"class_list":["post-120627","post","type-post","status-publish","format-standard","hentry","category-actualite","category-tunisie"],"_links":{"self":[{"href":"https:\/\/linitiative.ca\/International\/wp-json\/wp\/v2\/posts\/120627","targetHints":{"allow":["GET"]}}],"collection":[{"href":"https:\/\/linitiative.ca\/International\/wp-json\/wp\/v2\/posts"}],"about":[{"href":"https:\/\/linitiative.ca\/International\/wp-json\/wp\/v2\/types\/post"}],"author":[{"embeddable":true,"href":"https:\/\/linitiative.ca\/International\/wp-json\/wp\/v2\/users\/1772"}],"replies":[{"embeddable":true,"href":"https:\/\/linitiative.ca\/International\/wp-json\/wp\/v2\/comments?post=120627"}],"version-history":[{"count":0,"href":"https:\/\/linitiative.ca\/International\/wp-json\/wp\/v2\/posts\/120627\/revisions"}],"wp:attachment":[{"href":"https:\/\/linitiative.ca\/International\/wp-json\/wp\/v2\/media?parent=120627"}],"wp:term":[{"taxonomy":"category","embeddable":true,"href":"https:\/\/linitiative.ca\/International\/wp-json\/wp\/v2\/categories?post=120627"},{"taxonomy":"post_tag","embeddable":true,"href":"https:\/\/linitiative.ca\/International\/wp-json\/wp\/v2\/tags?post=120627"}],"curies":[{"name":"wp","href":"https:\/\/api.w.org\/{rel}","templated":true}]}}