{"id":12063,"date":"2019-02-07T07:02:26","date_gmt":"2019-02-07T12:02:26","guid":{"rendered":"https:\/\/linitiative.ca\/International\/tlemcen-saisie-de-pres-de-155-kg-de-kif-depuis-le-debut-de-lannee-en-cours\/"},"modified":"2019-02-07T07:02:26","modified_gmt":"2019-02-07T12:02:26","slug":"tlemcen-saisie-de-pres-de-155-kg-de-kif-depuis-le-debut-de-lannee-en-cours","status":"publish","type":"post","link":"https:\/\/linitiative.ca\/International\/tlemcen-saisie-de-pres-de-155-kg-de-kif-depuis-le-debut-de-lannee-en-cours\/","title":{"rendered":"Tlemcen: saisie de pr\u00e8s de 155 kg de kif depuis le d\u00e9but de l\u2019ann\u00e9e en cours"},"content":{"rendered":"<div>\n<div class=\"K2FeedImage\"><img decoding=\"async\" src=\"http:\/\/www.aps.dz\/media\/k2\/items\/cache\/a6f5a3d360ce6cd34398970b1eadfd27_S.jpg\" alt=\"Tlemcen: saisie de pr\u00e8s de 155 kg de kif depuis le d\u00e9but de l\u2019ann\u00e9e en cours\"><\/div>\n<div class=\"K2FeedIntroText\">\n<p>TLEMCEN- Les diff\u00e9rents services de la s\u00fbret\u00e9 de wilaya de Tlemcen ont saisi, depuis le d\u00e9but de l\u2019ann\u00e9e 2019 \u00e0 ce jour, une quantit\u00e9 de 155 kg de kif trait\u00e9, a-t-on appris du service de communication\u00a0de ce corps constitu\u00e9.<\/p>\n<\/div>\n<div class=\"K2FeedFullText\">\n<p>Cette importante quantit\u00e9 de drogue a \u00e9t\u00e9 saisie, pr\u00e9cise la m\u00eame source, lors de trois op\u00e9rations distinctes. La premi\u00e8re remonte au 9 janvier dernier lorsque la brigade mobile de Beni Boussaid a r\u00e9ussi \u00e0 mettre la main sur 23 kg de kif \u00e0 la cit\u00e9 Kadi de la ville de Maghnia.\u00a0Cette op\u00e9ration a permis \u00e9galement de saisir un v\u00e9hicule l\u00e9ger et trois t\u00e9l\u00e9phones portables, pr\u00e9cise-t-on de m\u00eame source.<\/p>\n<p>La seconde op\u00e9ration a eu lieu le 13 janvier, lorsque les \u00e9l\u00e9ments des m\u00eames services ont arr\u00eat\u00e9 une personne suspecte \u00e0 bord d\u2019un v\u00e9hicule dans lequel, apr\u00e8s une fouille minutieuse, a \u00e9t\u00e9 d\u00e9couverte une quantit\u00e9 de r\u00e9sine de cannabis estim\u00e9e \u00e0 76,4 kg.<\/p>\n<p>Par ailleurs, les \u00e9l\u00e9ments du service r\u00e9gional de lutte contre les stup\u00e9fiants de Tlemcen ont r\u00e9ussi, lors d\u2019une troisi\u00e8me op\u00e9ration, \u00e0 saisir dans les environs de la commune de Sidi Djillali (sud-ouest de la wilaya de Tlemcen) une quantit\u00e9 de 55 kg de kif trait\u00e9.<\/p>\n<p>Cette op\u00e9ration a permis l\u2019arrestation de trois personnes et la saisie de deux v\u00e9hicules l\u00e9gers et une somme de 2.8 millions Da, a-t-on ajout\u00e9 de m\u00eame source.<\/p>\n<p>\u00a0<\/p>\n<\/div>\n<\/div>\n","protected":false},"excerpt":{"rendered":"<p>TLEMCEN- Les diff\u00e9rents services de la s\u00fbret\u00e9 de wilaya de Tlemcen ont saisi, depuis le d\u00e9but de l\u2019ann\u00e9e 2019 \u00e0 ce jour, une quantit\u00e9 de 155 kg de kif trait\u00e9, a-t-on appris du service de communication\u00a0de ce corps constitu\u00e9. Cette importante quantit\u00e9 de drogue a \u00e9t\u00e9 saisie, pr\u00e9cise la m\u00eame source, lors de trois op\u00e9rations [&hellip;]<\/p>\n","protected":false},"author":1790,"featured_media":12064,"comment_status":"closed","ping_status":"closed","sticky":false,"template":"","format":"standard","meta":{"fifu_image_url":"","fifu_image_alt":"","footnotes":""},"categories":[53,76],"tags":[],"class_list":["post-12063","post","type-post","status-publish","format-standard","has-post-thumbnail","hentry","category-algerie","category-regions"],"_links":{"self":[{"href":"https:\/\/linitiative.ca\/International\/wp-json\/wp\/v2\/posts\/12063","targetHints":{"allow":["GET"]}}],"collection":[{"href":"https:\/\/linitiative.ca\/International\/wp-json\/wp\/v2\/posts"}],"about":[{"href":"https:\/\/linitiative.ca\/International\/wp-json\/wp\/v2\/types\/post"}],"author":[{"embeddable":true,"href":"https:\/\/linitiative.ca\/International\/wp-json\/wp\/v2\/users\/1790"}],"replies":[{"embeddable":true,"href":"https:\/\/linitiative.ca\/International\/wp-json\/wp\/v2\/comments?post=12063"}],"version-history":[{"count":0,"href":"https:\/\/linitiative.ca\/International\/wp-json\/wp\/v2\/posts\/12063\/revisions"}],"wp:featuredmedia":[{"embeddable":true,"href":"https:\/\/linitiative.ca\/International\/wp-json\/"}],"wp:attachment":[{"href":"https:\/\/linitiative.ca\/International\/wp-json\/wp\/v2\/media?parent=12063"}],"wp:term":[{"taxonomy":"category","embeddable":true,"href":"https:\/\/linitiative.ca\/International\/wp-json\/wp\/v2\/categories?post=12063"},{"taxonomy":"post_tag","embeddable":true,"href":"https:\/\/linitiative.ca\/International\/wp-json\/wp\/v2\/tags?post=12063"}],"curies":[{"name":"wp","href":"https:\/\/api.w.org\/{rel}","templated":true}]}}