{"id":120632,"date":"2021-07-07T04:11:36","date_gmt":"2021-07-07T08:11:36","guid":{"rendered":"https:\/\/linitiative.ca\/International\/une-ligne-de-credit-francaise-pour-les-pme-pmi-30-me\/"},"modified":"2021-07-07T04:11:36","modified_gmt":"2021-07-07T08:11:36","slug":"une-ligne-de-credit-francaise-pour-les-pme-pmi-30-me","status":"publish","type":"post","link":"https:\/\/linitiative.ca\/International\/une-ligne-de-credit-francaise-pour-les-pme-pmi-30-me\/","title":{"rendered":"Une ligne de cr\u00e9dit fran\u00e7aise pour les PME-PMI (30 M\u20ac)"},"content":{"rendered":"<div>\n<p class=\"m-2816028776962397588textedesaisie\" style=\"text-align: justify\">\n<p class=\"m-2816028776962397588textedesaisie\" style=\"text-align: justify\">Le bureau Business France en Tunisie organisera le 13 juillet 2021 \u00e0 10h00, avec le Centre Technique du Textile (CETTEX), l\u2019Agence de Promotion de l\u2019Industrie et de l\u2019Innovation (APII) ainsi que le Centre Technique de l\u2019Industrie du Bois et de l\u2019Ameublement (CETIBA) un s\u00e9minaire virtuel sur les technologies de d\u00e9coupe et de gravure laser dans le secteur textile et ameublement.<\/p>\n<p class=\"m-2816028776962397588textedesaisie\" style=\"text-align: justify\">\n<p class=\"m-2816028776962397588textedesaisie\" style=\"text-align: justify\">Ce s\u00e9minaire technique anim\u00e9 par l\u2019entreprise fran\u00e7aise SEI LASER est destin\u00e9 aux professionnels (textile, ameublement, bois, etc\u2026), il sera une occasion de s\u2019informer sur les derni\u00e8res tendances technologiques, d\u2019\u00e9changer sur les bonnes pratiques et d\u2019interagir avec des experts techniques fran\u00e7ais et tunisiens qui seront mobilis\u00e9s \u00e0 cette occasion.<\/p>\n<p class=\"m-2816028776962397588textedesaisie\" style=\"text-align: justify\">\n<p class=\"m-2816028776962397588textedesaisie\" style=\"text-align: justify\">En parall\u00e8le, le Service Economique R\u00e9gional de l\u2019Ambassade de France en Tunisie pr\u00e9sentera les solutions de financement adapt\u00e9es \u00e0 ce secteur, \u00e0 l\u2019instar de la ligne de cr\u00e9dit fran\u00e7aise pour les PME-PMI (30 M\u20ac)<\/p>\n<p>The post <a href=\"https:\/\/lexpertjournal.net\/fr\/?p=20665\">Une ligne de cr\u00e9dit fran\u00e7aise pour les PME-PMI (30 M\u20ac)<\/a> first appeared on <a href=\"https:\/\/lexpertjournal.net\/fr\">L&rsquo;Expert Journal<\/a>.<\/p>\n<\/div>\n<p>Auteur: L&rsquo;expert<br \/>\n<a href=\"https:\/\/lexpertjournal.net\/fr\/?p=20665\">Cliquez ici pour lire l&rsquo;article depuis sa source.<\/a><\/p>\n","protected":false},"excerpt":{"rendered":"<p>Le bureau Business France en Tunisie organisera le 13 juillet 2021 \u00e0 10h00, avec le Centre Technique du Textile (CETTEX), l\u2019Agence de Promotion de l\u2019Industrie et de l\u2019Innovation (APII) ainsi que le Centre Technique de l\u2019Industrie du Bois et de l\u2019Ameublement (CETIBA) un s\u00e9minaire virtuel sur les technologies de d\u00e9coupe et de gravure laser dans [&hellip;]<\/p>\n","protected":false},"author":1775,"featured_media":0,"comment_status":"closed","ping_status":"closed","sticky":false,"template":"","format":"standard","meta":{"fifu_image_url":"","fifu_image_alt":"","footnotes":""},"categories":[78,55],"tags":[],"class_list":["post-120632","post","type-post","status-publish","format-standard","hentry","category-economie","category-tunisie"],"_links":{"self":[{"href":"https:\/\/linitiative.ca\/International\/wp-json\/wp\/v2\/posts\/120632","targetHints":{"allow":["GET"]}}],"collection":[{"href":"https:\/\/linitiative.ca\/International\/wp-json\/wp\/v2\/posts"}],"about":[{"href":"https:\/\/linitiative.ca\/International\/wp-json\/wp\/v2\/types\/post"}],"author":[{"embeddable":true,"href":"https:\/\/linitiative.ca\/International\/wp-json\/wp\/v2\/users\/1775"}],"replies":[{"embeddable":true,"href":"https:\/\/linitiative.ca\/International\/wp-json\/wp\/v2\/comments?post=120632"}],"version-history":[{"count":0,"href":"https:\/\/linitiative.ca\/International\/wp-json\/wp\/v2\/posts\/120632\/revisions"}],"wp:attachment":[{"href":"https:\/\/linitiative.ca\/International\/wp-json\/wp\/v2\/media?parent=120632"}],"wp:term":[{"taxonomy":"category","embeddable":true,"href":"https:\/\/linitiative.ca\/International\/wp-json\/wp\/v2\/categories?post=120632"},{"taxonomy":"post_tag","embeddable":true,"href":"https:\/\/linitiative.ca\/International\/wp-json\/wp\/v2\/tags?post=120632"}],"curies":[{"name":"wp","href":"https:\/\/api.w.org\/{rel}","templated":true}]}}