{"id":120633,"date":"2021-07-07T06:10:01","date_gmt":"2021-07-07T10:10:01","guid":{"rendered":"https:\/\/linitiative.ca\/International\/approbation-des-conventions-se-rapportant-au-developpement\/"},"modified":"2021-07-07T06:10:01","modified_gmt":"2021-07-07T10:10:01","slug":"approbation-des-conventions-se-rapportant-au-developpement","status":"publish","type":"post","link":"https:\/\/linitiative.ca\/International\/approbation-des-conventions-se-rapportant-au-developpement\/","title":{"rendered":"Approbation des conventions se rapportant au d\u00e9veloppement"},"content":{"rendered":"<div>\n<div style=\"margin-bottom:20px;\"><img loading=\"lazy\" decoding=\"async\" width=\"750\" height=\"430\" src=\"https:\/\/linitiative.ca\/International\/wp-content\/uploads\/sites\/23\/2021\/07\/conseil-copier.jpg\" class=\"attachment-post-thumbnail size-post-thumbnail wp-post-image\" alt=\"\" srcset=\"https:\/\/linitiative.ca\/International\/wp-content\/uploads\/sites\/23\/2021\/07\/conseil-copier.jpg 750w, http:\/\/www.mapmarrakech.ma\/map\/uploads\/2021\/07\/conseil-copier-300x172.jpg 300w\" sizes=\"auto, (max-width: 750px) 100vw, 750px\"><\/div>\n<p>Lors de cette session tenue en pr\u00e9sence notamment de M. Ahmed Akhchichene, pr\u00e9sident du Conseil de la R\u00e9gion Marrakech- Safi, et du wali de la r\u00e9gion Marrakech-Safi, gouverneur de la pr\u00e9fecture de Marrakech, M. Karim Kassi-Lahlou, il a \u00e9t\u00e9 proc\u00e9d\u00e9 \u00e0 la pr\u00e9sentation des points inscrits \u00e0 l\u2019ordre du jour ayant concern\u00e9 notamment le renforcement de la coop\u00e9ration dans les domaines de la recherche scientifique relative au d\u00e9veloppement humain durable dans la r\u00e9gion, entre l\u2019universit\u00e9 Cadi Ayyad (UCA) et la r\u00e9gion Marrakech-Safi ainsi que la cr\u00e9ation d\u2019une annexe de la cit\u00e9 de l\u2019innovation \u00e0 Safi entre le Conseil r\u00e9gional, la province de Safi et l\u2019UCA.<\/p>\n<p>Il s\u2019agit aussi de la cr\u00e9ation du Fonds de l\u2019excellence universitaire de la r\u00e9gion Marrakech-Safi pour la promotion du syst\u00e8me de l\u2019enseignement sup\u00e9rieur et de la recherche scientifique dans cette partie du territoire national, entre le Conseil r\u00e9gional et l\u2019UCA, outre le renforcement de la coop\u00e9ration relative au d\u00e9veloppement humain durable dans la r\u00e9gion, en partenariat entre l\u2019UCA repr\u00e9sent\u00e9e par la Facult\u00e9 des Lettres et des Sciences humaines \u00e0 Marrakech (branche G\u00e9ographie).<\/p>\n<p>Cette session a \u00e9t\u00e9 aussi marqu\u00e9e par l\u2019approbation d\u2019une convention de partenariat entre la wilaya de la r\u00e9gion, le Conseil r\u00e9gional et l\u2019Acad\u00e9mie R\u00e9gionale d\u2019Education et de Formation (AREF) Marrakech- Safi relative \u00e0 l\u2019ex\u00e9cution du plan d\u2019action pour la promotion de l\u2019offre \u00e9ducative \u00e0 l\u2019\u00e9chelle r\u00e9gionale.<\/p>\n<p>Concernant la chose sportive, cette instance \u00e9lue a approuv\u00e9 une convention de partenariat la liant \u00e0 la F\u00e9d\u00e9ration Royale Marocaine de Football (FRMF) pour la promotion du sport dans la r\u00e9gion, ainsi qu\u2019une convention de partenariat entre le minist\u00e8re de la culture, de la jeunesse et des sports (d\u00e9partement jeunesse et sports dans la r\u00e9gion Marrakech-Safi), le Conseil provincial de Youssoufia et la commune territoriale Chemaia relative au renforcement de l\u2019infrastructure d\u00e9di\u00e9e au secteur de la jeunesse et des sports dans la ville de Chemaia.<\/p>\n<p>Par la suite, le conseil a approuv\u00e9 le projet d\u2019annulation du statut de la Soci\u00e9t\u00e9 de d\u00e9veloppement r\u00e9gional \u00ab\u00a0Marrakech manifestations\u00a0\u00bb et son remplacement par le projet d\u2019un nouveau statut comportant de nouveaux actionnaires, le projet de charte des actionnaires dans ladite soci\u00e9t\u00e9 entre la r\u00e9gion Marrakech-Safi, la Direction g\u00e9n\u00e9rale des collectivit\u00e9s locales (DGCL), la soci\u00e9t\u00e9 Madaef, le minist\u00e8re du tourisme, de l\u2019artisanat, du transport a\u00e9rien et de l\u2019\u00e9conomie sociale repr\u00e9sent\u00e9e par la Soci\u00e9t\u00e9 marocaine d\u2019ing\u00e9nierie touristique (SMIT), le minist\u00e8re de l\u2019industrie, du commerce, de l\u2019\u00e9conomie verte et num\u00e9rique repr\u00e9sent\u00e9e par la Chambre de Commerce, d\u2019Industrie et de Services (CCIS) de Marrakech-Safi.<\/p>\n<p>Cette session a \u00e9t\u00e9 \u00e9galement l\u2019occasion pour les membres de ladite instance \u00e9lue d\u2019approuver un projet de convention-cadre relative au programme des routes au niveau de la r\u00e9gion, ainsi que du projet de convention de partenariat relative au d\u00e9veloppement des \u00e9coles num\u00e9riques \u00e0 l\u2019\u00e9chelle r\u00e9gionale, outre un projet d\u2019avenant pour l\u2019amendement de la convention de partenariat et de financement relative au programme de valorisation de l\u2019ancienne m\u00e9dina et une convention de partenariat et de financement relative au programme de r\u00e9habilitation et de valorisation de la M\u00e9dina de Safi 2021-2025.<\/p>\n<p>Dans l\u2019objectif de soutenir les produits de l\u2019artisanat, le Conseil a approuv\u00e9 un projet de convention de partenariat relatif \u00e0 la cr\u00e9ation de trois plateformes pour la valorisation de l\u2019artisanat dans la r\u00e9gion, ainsi qu\u2019une convention de partenariat pour l\u2019acc\u00e9l\u00e9ration du plan touristique dans la r\u00e9gion Marrakech-Safi au titre de 2021-2023.<\/p>\n<p>Intervenant \u00e0 la cl\u00f4ture de cette session, le pr\u00e9sident du conseil de la r\u00e9gion Marrakech-Safi a exprim\u00e9 sa fiert\u00e9 du consensus ayant marqu\u00e9 l\u2019action du Conseil depuis le d\u00e9but de son mandat, tout en faisant part de sa gratitude aux diff\u00e9rentes composantes politiques du Conseil pour avoir mis les pr\u00e9occupations relatives au d\u00e9veloppement au niveau de la r\u00e9gion au centre d\u2019int\u00e9r\u00eat du Conseil, \u00e0 travers la mise en application du Programme de D\u00e9veloppement R\u00e9gional (PDR), qui repr\u00e9sente un document de r\u00e9f\u00e9rence pour la mise \u00e0 niveau des territoires de la r\u00e9gion.<\/p>\n<p>Lui emboitant le pas, le wali de la r\u00e9gion Marrakech-Safi, a fait part de sa fiert\u00e9 du consensus et de la maturit\u00e9 politique ayant marqu\u00e9 l\u2019action du Conseil durant son mandat, appelant \u00e0 poursuivre le processus de mise en \u0153uvre des projets de ce programme ambitieux avec les membres de la prochaine instance \u00e9lue.<\/p>\n<p>Les travaux de cette session ont \u00e9t\u00e9 marqu\u00e9s par la pr\u00e9sentation d\u2019un rapport sur les activit\u00e9s de la pr\u00e9sidence du Conseil entre les sessions de mai et juillet 2021 ainsi que par un expos\u00e9 sur l\u2019\u00e9tat d\u2019avancement des projets du PDR.<\/p>\n<p>The post <a rel=\"nofollow\" href=\"http:\/\/www.mapmarrakech.ma\/fr\/approbation-des-conventions-se-rapportant-au-developpement\/\">Approbation des conventions se rapportant au d\u00e9veloppement<\/a> appeared first on <a rel=\"nofollow\" href=\"http:\/\/www.mapmarrakech.ma\/fr\">MapMarrakech<\/a>.<\/p>\n<\/div>\n<p>Auteur: Meriem IGASS<br \/>\n<a href=\"http:\/\/www.mapmarrakech.ma\/fr\/approbation-des-conventions-se-rapportant-au-developpement\/\">Cliquez ici pour lire l&rsquo;article depuis sa source.<\/a><\/p>\n","protected":false},"excerpt":{"rendered":"<p>Lors de cette session tenue en pr\u00e9sence notamment de M. Ahmed Akhchichene, pr\u00e9sident du Conseil de la R\u00e9gion Marrakech- Safi, et du wali de la r\u00e9gion Marrakech-Safi, gouverneur de la pr\u00e9fecture de Marrakech, M. Karim Kassi-Lahlou, il a \u00e9t\u00e9 proc\u00e9d\u00e9 \u00e0 la pr\u00e9sentation des points inscrits \u00e0 l\u2019ordre du jour ayant concern\u00e9 notamment le renforcement [&hellip;]<\/p>\n","protected":false},"author":1788,"featured_media":0,"comment_status":"closed","ping_status":"closed","sticky":false,"template":"","format":"standard","meta":{"fifu_image_url":"http:\/\/www.mapmarrakech.ma\/map\/uploads\/2021\/07\/conseil-copier.jpg","fifu_image_alt":"Approbation des conventions se rapportant au d\u00e9veloppement","footnotes":""},"categories":[54,76],"tags":[],"class_list":["post-120633","post","type-post","status-publish","format-standard","hentry","category-maroc","category-regions"],"_links":{"self":[{"href":"https:\/\/linitiative.ca\/International\/wp-json\/wp\/v2\/posts\/120633","targetHints":{"allow":["GET"]}}],"collection":[{"href":"https:\/\/linitiative.ca\/International\/wp-json\/wp\/v2\/posts"}],"about":[{"href":"https:\/\/linitiative.ca\/International\/wp-json\/wp\/v2\/types\/post"}],"author":[{"embeddable":true,"href":"https:\/\/linitiative.ca\/International\/wp-json\/wp\/v2\/users\/1788"}],"replies":[{"embeddable":true,"href":"https:\/\/linitiative.ca\/International\/wp-json\/wp\/v2\/comments?post=120633"}],"version-history":[{"count":0,"href":"https:\/\/linitiative.ca\/International\/wp-json\/wp\/v2\/posts\/120633\/revisions"}],"wp:attachment":[{"href":"https:\/\/linitiative.ca\/International\/wp-json\/wp\/v2\/media?parent=120633"}],"wp:term":[{"taxonomy":"category","embeddable":true,"href":"https:\/\/linitiative.ca\/International\/wp-json\/wp\/v2\/categories?post=120633"},{"taxonomy":"post_tag","embeddable":true,"href":"https:\/\/linitiative.ca\/International\/wp-json\/wp\/v2\/tags?post=120633"}],"curies":[{"name":"wp","href":"https:\/\/api.w.org\/{rel}","templated":true}]}}