{"id":120635,"date":"2021-07-07T07:27:03","date_gmt":"2021-07-07T11:27:03","guid":{"rendered":"https:\/\/linitiative.ca\/International\/migrants-plus-de-2-000-morts-sur-la-route-vers-lespagne\/"},"modified":"2021-07-07T07:27:03","modified_gmt":"2021-07-07T11:27:03","slug":"migrants-plus-de-2-000-morts-sur-la-route-vers-lespagne","status":"publish","type":"post","link":"https:\/\/linitiative.ca\/International\/migrants-plus-de-2-000-morts-sur-la-route-vers-lespagne\/","title":{"rendered":"Migrants: Plus de 2.000 morts sur la route vers l\u2019Espagne"},"content":{"rendered":"<div>\n<div class=\"field field-name-body field-type-text-with-summary field-label-hidden\">\n<div class=\"field-items\">\n<div class=\"field-item even\" property=\"content:encoded\">\n<p class=\"rtejustify\">La premi\u00e8re partie de l\u2019ann\u00e9e 2021 est particuli\u00e8rement meurtri\u00e8re pour les migrants qui tentent d\u2019entrer en Espagne. Au total, plus de 2.000 morts ont \u00e9t\u00e9 enregistr\u00e9s sur la route vers l\u2019Espagne, selon les chiffres de l\u2019ONG Carminando Fronteras, soit presque autant que toute l\u2019ann\u00e9e 2020.<\/p>\n<\/div>\n<\/div>\n<\/div>\n<\/div>\n<p>Auteur: hgueye<br \/>\n<a href=\"https:\/\/www.leconomiste.com\/flash-infos\/migrants-pres-de-2-000-morts-sur-la-route-vers-l-espagne\">Cliquez ici pour lire l&rsquo;article depuis sa source.<\/a><\/p>\n","protected":false},"excerpt":{"rendered":"<p>La premi\u00e8re partie de l\u2019ann\u00e9e 2021 est particuli\u00e8rement meurtri\u00e8re pour les migrants qui tentent d\u2019entrer en Espagne. Au total, plus de 2.000 morts ont \u00e9t\u00e9 enregistr\u00e9s sur la route vers l\u2019Espagne, selon les chiffres de l\u2019ONG Carminando Fronteras, soit presque autant que toute l\u2019ann\u00e9e 2020. Auteur: hgueye Cliquez ici pour lire l&rsquo;article depuis sa source.<\/p>\n","protected":false},"author":1763,"featured_media":0,"comment_status":"closed","ping_status":"closed","sticky":false,"template":"","format":"standard","meta":{"fifu_image_url":"","fifu_image_alt":"","footnotes":""},"categories":[78,54],"tags":[],"class_list":["post-120635","post","type-post","status-publish","format-standard","hentry","category-economie","category-maroc"],"_links":{"self":[{"href":"https:\/\/linitiative.ca\/International\/wp-json\/wp\/v2\/posts\/120635","targetHints":{"allow":["GET"]}}],"collection":[{"href":"https:\/\/linitiative.ca\/International\/wp-json\/wp\/v2\/posts"}],"about":[{"href":"https:\/\/linitiative.ca\/International\/wp-json\/wp\/v2\/types\/post"}],"author":[{"embeddable":true,"href":"https:\/\/linitiative.ca\/International\/wp-json\/wp\/v2\/users\/1763"}],"replies":[{"embeddable":true,"href":"https:\/\/linitiative.ca\/International\/wp-json\/wp\/v2\/comments?post=120635"}],"version-history":[{"count":0,"href":"https:\/\/linitiative.ca\/International\/wp-json\/wp\/v2\/posts\/120635\/revisions"}],"wp:attachment":[{"href":"https:\/\/linitiative.ca\/International\/wp-json\/wp\/v2\/media?parent=120635"}],"wp:term":[{"taxonomy":"category","embeddable":true,"href":"https:\/\/linitiative.ca\/International\/wp-json\/wp\/v2\/categories?post=120635"},{"taxonomy":"post_tag","embeddable":true,"href":"https:\/\/linitiative.ca\/International\/wp-json\/wp\/v2\/tags?post=120635"}],"curies":[{"name":"wp","href":"https:\/\/api.w.org\/{rel}","templated":true}]}}