{"id":120638,"date":"2021-07-07T07:56:15","date_gmt":"2021-07-07T11:56:15","guid":{"rendered":"https:\/\/linitiative.ca\/International\/nezha-bakhali-nouvelle-dg-de-ksb-maroc\/"},"modified":"2021-07-07T07:56:15","modified_gmt":"2021-07-07T11:56:15","slug":"nezha-bakhali-nouvelle-dg-de-ksb-maroc","status":"publish","type":"post","link":"https:\/\/linitiative.ca\/International\/nezha-bakhali-nouvelle-dg-de-ksb-maroc\/","title":{"rendered":"Nezha Bakhali nouvelle DG de KSB Maroc"},"content":{"rendered":"<div>\n<div class=\"field field-name-body field-type-text-with-summary field-label-hidden\">\n<div class=\"field-items\">\n<div class=\"field-item even\" property=\"content:encoded\">\n<p class=\"rtejustify\">Nezha Bakhali est la nouvelle directrice g\u00e9n\u00e9rale de KBS Maroc, filiale du groupe KSB, leader mondial du march\u00e9 des pompes et robinetterie. Elle vient d\u2019\u00eatre nomm\u00e9e en remplacement de Yassine Mellouk promu au \u00e0 la t\u00eate de KSB Middle East \u00e0 Duba\u00ef.<\/p>\n<\/div>\n<\/div>\n<\/div>\n<\/div>\n<p>Auteur: hgueye<br \/>\n<a href=\"https:\/\/www.leconomiste.com\/flash-infos\/nezha-bakhali-nouvelle-dg-de-ksb-maroc\">Cliquez ici pour lire l&rsquo;article depuis sa source.<\/a><\/p>\n","protected":false},"excerpt":{"rendered":"<p>Nezha Bakhali est la nouvelle directrice g\u00e9n\u00e9rale de KBS Maroc, filiale du groupe KSB, leader mondial du march\u00e9 des pompes et robinetterie. Elle vient d\u2019\u00eatre nomm\u00e9e en remplacement de Yassine Mellouk promu au \u00e0 la t\u00eate de KSB Middle East \u00e0 Duba\u00ef. Auteur: hgueye Cliquez ici pour lire l&rsquo;article depuis sa source.<\/p>\n","protected":false},"author":1763,"featured_media":0,"comment_status":"closed","ping_status":"closed","sticky":false,"template":"","format":"standard","meta":{"fifu_image_url":"","fifu_image_alt":"","footnotes":""},"categories":[78,54],"tags":[],"class_list":["post-120638","post","type-post","status-publish","format-standard","hentry","category-economie","category-maroc"],"_links":{"self":[{"href":"https:\/\/linitiative.ca\/International\/wp-json\/wp\/v2\/posts\/120638","targetHints":{"allow":["GET"]}}],"collection":[{"href":"https:\/\/linitiative.ca\/International\/wp-json\/wp\/v2\/posts"}],"about":[{"href":"https:\/\/linitiative.ca\/International\/wp-json\/wp\/v2\/types\/post"}],"author":[{"embeddable":true,"href":"https:\/\/linitiative.ca\/International\/wp-json\/wp\/v2\/users\/1763"}],"replies":[{"embeddable":true,"href":"https:\/\/linitiative.ca\/International\/wp-json\/wp\/v2\/comments?post=120638"}],"version-history":[{"count":0,"href":"https:\/\/linitiative.ca\/International\/wp-json\/wp\/v2\/posts\/120638\/revisions"}],"wp:attachment":[{"href":"https:\/\/linitiative.ca\/International\/wp-json\/wp\/v2\/media?parent=120638"}],"wp:term":[{"taxonomy":"category","embeddable":true,"href":"https:\/\/linitiative.ca\/International\/wp-json\/wp\/v2\/categories?post=120638"},{"taxonomy":"post_tag","embeddable":true,"href":"https:\/\/linitiative.ca\/International\/wp-json\/wp\/v2\/tags?post=120638"}],"curies":[{"name":"wp","href":"https:\/\/api.w.org\/{rel}","templated":true}]}}