{"id":120639,"date":"2021-07-07T07:44:48","date_gmt":"2021-07-07T11:44:48","guid":{"rendered":"https:\/\/linitiative.ca\/International\/5g-environ-150-millions-dabonnements-dici-2026-en-afrique-du-nord-et-au-moyen-orient-rapport\/"},"modified":"2021-07-07T07:44:48","modified_gmt":"2021-07-07T11:44:48","slug":"5g-environ-150-millions-dabonnements-dici-2026-en-afrique-du-nord-et-au-moyen-orient-rapport","status":"publish","type":"post","link":"https:\/\/linitiative.ca\/International\/5g-environ-150-millions-dabonnements-dici-2026-en-afrique-du-nord-et-au-moyen-orient-rapport\/","title":{"rendered":"5G. Environ 150 millions d\u2019abonnements d\u2019ici 2026 en Afrique du Nord et au Moyen-Orient [Rapport]"},"content":{"rendered":"<div><img decoding=\"async\" width=\"750\" height=\"1125\" src=\"https:\/\/linitiative.ca\/International\/wp-content\/uploads\/sites\/23\/2021\/07\/PHOTO-2021-07-07-04-02-22.jpg\" class=\"attachment-post-thumbnail size-post-thumbnail wp-post-image\" alt=\"\" loading=\"lazy\" srcset=\"https:\/\/linitiative.ca\/International\/wp-content\/uploads\/sites\/23\/2021\/07\/PHOTO-2021-07-07-04-02-22.jpg 750w, https:\/\/www.challenge.ma\/wp-content\/uploads\/2021\/07\/PHOTO-2021-07-07-04-02-22-200x300.jpg 200w, https:\/\/www.challenge.ma\/wp-content\/uploads\/2021\/07\/PHOTO-2021-07-07-04-02-22-683x1024.jpg 683w, https:\/\/www.challenge.ma\/wp-content\/uploads\/2021\/07\/PHOTO-2021-07-07-04-02-22-360x540.jpg 360w\" sizes=\"auto, (max-width: 750px) 100vw, 750px\" itemprop=\"image\">Ericsson vient de d\u00e9voiler sa plus grande \u00e9tude de consommation \u00e0 ce jour, repr\u00e9sentant les opinions de 2,3 milliards d\u2019utilisateurs sur 31 march\u00e9s. Il s\u2019agit de deux rapports qui, ensemble, pr\u00e9disent le monde post-pand\u00e9mique et l\u2019avenir de la connectivit\u00e9 mobile au Maroc et dans le monde selon le groupe. Selon<\/div>\n<p>Auteur: challenge<br \/>\n<a href=\"https:\/\/www.challenge.ma\/5g-environ-150-millions-dabonnements-dici-2026-en-afrique-du-nord-et-au-moyen-orient-rapport-191681\/\">Cliquez ici pour lire l&rsquo;article depuis sa source.<\/a><\/p>\n","protected":false},"excerpt":{"rendered":"<p>Ericsson vient de d\u00e9voiler sa plus grande \u00e9tude de consommation \u00e0 ce jour, repr\u00e9sentant les opinions de 2,3 milliards d\u2019utilisateurs sur 31 march\u00e9s. Il s\u2019agit de deux rapports qui, ensemble, pr\u00e9disent le monde post-pand\u00e9mique et l\u2019avenir de la connectivit\u00e9 mobile au Maroc et dans le monde selon le groupe. Selon Auteur: challenge Cliquez ici pour [&hellip;]<\/p>\n","protected":false},"author":1787,"featured_media":0,"comment_status":"closed","ping_status":"closed","sticky":false,"template":"","format":"standard","meta":{"fifu_image_url":"https:\/\/www.challenge.ma\/wp-content\/uploads\/2021\/07\/PHOTO-2021-07-07-04-02-22.jpg","fifu_image_alt":"5G. Environ 150 millions d\u2019abonnements d\u2019ici 2026 en Afrique du Nord et au Moyen-Orient [Rapport]","footnotes":""},"categories":[78,54],"tags":[],"class_list":["post-120639","post","type-post","status-publish","format-standard","hentry","category-economie","category-maroc"],"_links":{"self":[{"href":"https:\/\/linitiative.ca\/International\/wp-json\/wp\/v2\/posts\/120639","targetHints":{"allow":["GET"]}}],"collection":[{"href":"https:\/\/linitiative.ca\/International\/wp-json\/wp\/v2\/posts"}],"about":[{"href":"https:\/\/linitiative.ca\/International\/wp-json\/wp\/v2\/types\/post"}],"author":[{"embeddable":true,"href":"https:\/\/linitiative.ca\/International\/wp-json\/wp\/v2\/users\/1787"}],"replies":[{"embeddable":true,"href":"https:\/\/linitiative.ca\/International\/wp-json\/wp\/v2\/comments?post=120639"}],"version-history":[{"count":0,"href":"https:\/\/linitiative.ca\/International\/wp-json\/wp\/v2\/posts\/120639\/revisions"}],"wp:attachment":[{"href":"https:\/\/linitiative.ca\/International\/wp-json\/wp\/v2\/media?parent=120639"}],"wp:term":[{"taxonomy":"category","embeddable":true,"href":"https:\/\/linitiative.ca\/International\/wp-json\/wp\/v2\/categories?post=120639"},{"taxonomy":"post_tag","embeddable":true,"href":"https:\/\/linitiative.ca\/International\/wp-json\/wp\/v2\/tags?post=120639"}],"curies":[{"name":"wp","href":"https:\/\/api.w.org\/{rel}","templated":true}]}}